{"id":321,"date":"2025-04-24T19:33:44","date_gmt":"2025-04-24T19:33:44","guid":{"rendered":"https:\/\/pywi.ch\/?p=321"},"modified":"2025-04-24T20:32:52","modified_gmt":"2025-04-24T20:32:52","slug":"ein-paar-vorletzte-worte","status":"publish","type":"post","link":"https:\/\/pywi.ch\/index.php\/2025\/04\/24\/ein-paar-vorletzte-worte\/","title":{"rendered":"Ein paar vorletzte Worte"},"content":{"rendered":"\n<p class=\"wp-block-paragraph\">Ver\u00f6ffentlicht: Montag, 29. Juni 2015<\/p>\n\n\n\n<p class=\"wp-block-paragraph\">Frau Dr. Farese hatte ich es zu verdanken, dass ich immer gerne ins B\u00fcrgi ging. Sie hat mich wunderbar betreut und immer ein offenes Ohr gehabt. Und vor allem konnten wir immer zusammen Lachen, auch wenn ab und zu die Situationen alles andere als lustig waren. Auch wenn es gut ist, dass nun alles vorbei ist, so werde ich Frau Dr. Farese total vermissen.<\/p>\n\n\n\n<p class=\"wp-block-paragraph\">Am 16. 7 2015 beende ich meine aktive Therapie. Jetzt werden nur noch die Aromastasehemmer einem eventuell aufflammenden Krebs eins aufs Dach geben. Einerseits bin ich total froh dar\u00fcber, wieder ganz \u00fcber meine Tage verf\u00fcgen zu k\u00f6nnen. Froh endlich meinen erschlafften K\u00f6rper wieder auf Vordermann bringen zu k\u00f6nnen. Aber auch sehr ungeduldig, weil das gar nicht so schnell geht und mein K\u00f6rper mir immer wieder Grenzen setzt. Viele Nebenwirkungen habe ich erlitten und habe ich durch die Tabletten immer noch. Aber ich bin noch da, bin wieder gesund und kann endlich wieder so etwas wie einen Alltag erleben.<\/p>\n\n\n\n<p class=\"wp-block-paragraph\">Mein liebster Brummb\u00e4r, ich danke dir, dass du diese schwere Zeit so toll an meiner Seite gestanden bist. Du hast mich gest\u00fctzt wenn ich glaubte es nicht mehr ertragen zu k\u00f6nnen. Du hast mich zum Lachen gebracht, wenn ich am liebsten geweint h\u00e4tte. Und du hattest immer Verst\u00e4ndnis f\u00fcr mich, wenn die Kraft mich verliess. Ich liebe dich ohne Ende und ich weiss, zusammen werden wir noch viele Jahre schaffen.<\/p>\n\n\n\n\n","protected":false},"excerpt":{"rendered":"<p>Ver\u00f6ffentlicht: Montag, 29. Juni 2015 Frau Dr. Farese hatte ich es zu verdanken, dass ich immer gerne ins B\u00fcrgi ging. [&hellip;]<\/p>\n","protected":false},"author":2,"featured_media":0,"comment_status":"closed","ping_status":"open","sticky":false,"template":"","format":"standard","meta":{"site-sidebar-layout":"default","site-content-layout":"","ast-site-content-layout":"default","site-content-style":"default","site-sidebar-style":"default","ast-global-header-display":"","ast-banner-title-visibility":"","ast-main-header-display":"","ast-hfb-above-header-display":"","ast-hfb-below-header-display":"","ast-hfb-mobile-header-display":"","site-post-title":"","ast-breadcrumbs-content":"","ast-featured-img":"","footer-sml-layout":"","ast-disable-related-posts":"","theme-transparent-header-meta":"","adv-header-id-meta":"","stick-header-meta":"","header-above-stick-meta":"","header-main-stick-meta":"","header-below-stick-meta":"","astra-migrate-meta-layouts":"default","ast-page-background-enabled":"default","ast-page-background-meta":{"desktop":{"background-color":"var(--ast-global-color-5)","background-image":"","background-repeat":"repeat","background-position":"center center","background-size":"auto","background-attachment":"scroll","background-type":"","background-media":"","overlay-type":"","overlay-color":"","overlay-opacity":"","overlay-gradient":""},"tablet":{"background-color":"","background-image":"","background-repeat":"repeat","background-position":"center center","background-size":"auto","background-attachment":"scroll","background-type":"","background-media":"","overlay-type":"","overlay-color":"","overlay-opacity":"","overlay-gradient":""},"mobile":{"background-color":"","background-image":"","background-repeat":"repeat","background-position":"center center","background-size":"auto","background-attachment":"scroll","background-type":"","background-media":"","overlay-type":"","overlay-color":"","overlay-opacity":"","overlay-gradient":""}},"ast-content-background-meta":{"desktop":{"background-color":"var(--ast-global-color-4)","background-image":"","background-repeat":"repeat","background-position":"center center","background-size":"auto","background-attachment":"scroll","background-type":"","background-media":"","overlay-type":"","overlay-color":"","overlay-opacity":"","overlay-gradient":""},"tablet":{"background-color":"var(--ast-global-color-4)","background-image":"","background-repeat":"repeat","background-position":"center center","background-size":"auto","background-attachment":"scroll","background-type":"","background-media":"","overlay-type":"","overlay-color":"","overlay-opacity":"","overlay-gradient":""},"mobile":{"background-color":"var(--ast-global-color-4)","background-image":"","background-repeat":"repeat","background-position":"center center","background-size":"auto","background-attachment":"scroll","background-type":"","background-media":"","overlay-type":"","overlay-color":"","overlay-opacity":"","overlay-gradient":""}},"footnotes":""},"categories":[7],"tags":[],"class_list":["post-321","post","type-post","status-publish","format-standard","hentry","category-die-rosa-schleife"],"_links":{"self":[{"href":"https:\/\/pywi.ch\/index.php\/wp-json\/wp\/v2\/posts\/321","targetHints":{"allow":["GET"]}}],"collection":[{"href":"https:\/\/pywi.ch\/index.php\/wp-json\/wp\/v2\/posts"}],"about":[{"href":"https:\/\/pywi.ch\/index.php\/wp-json\/wp\/v2\/types\/post"}],"author":[{"embeddable":true,"href":"https:\/\/pywi.ch\/index.php\/wp-json\/wp\/v2\/users\/2"}],"replies":[{"embeddable":true,"href":"https:\/\/pywi.ch\/index.php\/wp-json\/wp\/v2\/comments?post=321"}],"version-history":[{"count":2,"href":"https:\/\/pywi.ch\/index.php\/wp-json\/wp\/v2\/posts\/321\/revisions"}],"predecessor-version":[{"id":346,"href":"https:\/\/pywi.ch\/index.php\/wp-json\/wp\/v2\/posts\/321\/revisions\/346"}],"wp:attachment":[{"href":"https:\/\/pywi.ch\/index.php\/wp-json\/wp\/v2\/media?parent=321"}],"wp:term":[{"taxonomy":"category","embeddable":true,"href":"https:\/\/pywi.ch\/index.php\/wp-json\/wp\/v2\/categories?post=321"},{"taxonomy":"post_tag","embeddable":true,"href":"https:\/\/pywi.ch\/index.php\/wp-json\/wp\/v2\/tags?post=321"}],"curies":[{"name":"wp","href":"https:\/\/api.w.org\/{rel}","templated":true}]}}