{"id":317,"date":"2025-04-24T19:23:08","date_gmt":"2025-04-24T19:23:08","guid":{"rendered":"https:\/\/pywi.ch\/?p=317"},"modified":"2025-04-24T20:33:53","modified_gmt":"2025-04-24T20:33:53","slug":"halbzeit-ist-durch","status":"publish","type":"post","link":"https:\/\/pywi.ch\/index.php\/2025\/04\/24\/halbzeit-ist-durch\/","title":{"rendered":"Halbzeit ist durch"},"content":{"rendered":"\n<p class=\"wp-block-paragraph\">Ver\u00f6ffentlicht: Sonntag, 07. Juni 2015 18:24<\/p>\n\n\n\n<p class=\"wp-block-paragraph\"><br>Eigentlich ist die Halbzeit schon l\u00e4nger durch, aber vor lauter Terminen hab ich die verpasst. Jeden Werktag gurke ich zum B\u00fcrgerspital und zur\u00fcck. Meine Energie reicht gerade um vom Parkplatz zu den Strahlis zu gehen. Dann etwa 10 Minuten entspannen, wenn man \u00fcberhaupt von Entspannung reden kann, denn 10 Minuten regungslos zu liegen, wenn einem die Fibromyalgie an allen Ecken und Enden Schmerzsignale sendet ist gar nicht so einfach. Sie sind lieb da und zeichnen t\u00e4glich geduldig meinen Picasso nach.<\/p>\n\n\n\n<p class=\"wp-block-paragraph\">Mittlerweile kenne ich auch meinen grossen Strahlekumpel, der um mich kreiselt. Ich weiss wann welches Ger\u00e4usch kommt und wann der Kumpel seine Strahlen meinem Schalentier auf den Pelz brennt. Der Mensch ist ein Gewohnheitstier. So hab auch ich mich daran gew\u00f6hnt. Und ich habe Gl\u00fcck. Ja echt, es ist wirklich ein Gl\u00fcck, dass meine Haut noch nicht reklamiert. Vielleicht war es auch gut, dass viele Feiertage dazwischen lagen und meine Haut immer wieder etwas Zeit bekam. Wie auch immer\u2026 ab ende n\u00e4chster Woche werde ich noch die 8 Termine in Bern anfangen. Hoffen wir, dass diese sogenannten &#8222;Booster&#8220; meine Haut auch nicht qu\u00e4len, sondern nur dem Krebs den Rest geben.<br>Also packen wir diese restlichen 2 Wochen noch.<\/p>\n\n\n\n<p class=\"wp-block-paragraph\">Wie sehr hatte ich gehofft, dass das warme Wetter ein bisschen hilft meine Fibro-Scherzen zu lindern. Doch anscheinend ist das Doppelpack von Fibro und Antihormontabletten nicht so prickelnd. Jedenfalls paaren sich jetzt die Muskelschmerzen mit den Gliederschmerzen und machen mich ab und zu halb wahnsinnig. Wenn ich mir jetzt vorstelle, dass dies die n\u00e4chsten 5 bis 10 Jahre so sein soll, dann kriege ich doch leicht die Krise.<\/p>\n\n\n\n<p class=\"wp-block-paragraph\">Habe f\u00fcr n\u00e4chste Woche ein paar Termine mit diversen \u00c4rzten. Hoffentlich k\u00f6nnen die mir helfen, denn diese Antihormontabletten wirken nachweislich sehr gut auf meinen Krebs und sind ja meine Lebensversicherung. Aber zu welchem Preis?<\/p>\n\n\n\n\n","protected":false},"excerpt":{"rendered":"<p>Ver\u00f6ffentlicht: Sonntag, 07. Juni 2015 18:24 Eigentlich ist die Halbzeit schon l\u00e4nger durch, aber vor lauter Terminen hab ich die [&hellip;]<\/p>\n","protected":false},"author":2,"featured_media":0,"comment_status":"closed","ping_status":"open","sticky":false,"template":"","format":"standard","meta":{"site-sidebar-layout":"default","site-content-layout":"","ast-site-content-layout":"default","site-content-style":"default","site-sidebar-style":"default","ast-global-header-display":"","ast-banner-title-visibility":"","ast-main-header-display":"","ast-hfb-above-header-display":"","ast-hfb-below-header-display":"","ast-hfb-mobile-header-display":"","site-post-title":"","ast-breadcrumbs-content":"","ast-featured-img":"","footer-sml-layout":"","ast-disable-related-posts":"","theme-transparent-header-meta":"","adv-header-id-meta":"","stick-header-meta":"","header-above-stick-meta":"","header-main-stick-meta":"","header-below-stick-meta":"","astra-migrate-meta-layouts":"default","ast-page-background-enabled":"default","ast-page-background-meta":{"desktop":{"background-color":"var(--ast-global-color-5)","background-image":"","background-repeat":"repeat","background-position":"center center","background-size":"auto","background-attachment":"scroll","background-type":"","background-media":"","overlay-type":"","overlay-color":"","overlay-opacity":"","overlay-gradient":""},"tablet":{"background-color":"","background-image":"","background-repeat":"repeat","background-position":"center center","background-size":"auto","background-attachment":"scroll","background-type":"","background-media":"","overlay-type":"","overlay-color":"","overlay-opacity":"","overlay-gradient":""},"mobile":{"background-color":"","background-image":"","background-repeat":"repeat","background-position":"center center","background-size":"auto","background-attachment":"scroll","background-type":"","background-media":"","overlay-type":"","overlay-color":"","overlay-opacity":"","overlay-gradient":""}},"ast-content-background-meta":{"desktop":{"background-color":"var(--ast-global-color-4)","background-image":"","background-repeat":"repeat","background-position":"center center","background-size":"auto","background-attachment":"scroll","background-type":"","background-media":"","overlay-type":"","overlay-color":"","overlay-opacity":"","overlay-gradient":""},"tablet":{"background-color":"var(--ast-global-color-4)","background-image":"","background-repeat":"repeat","background-position":"center center","background-size":"auto","background-attachment":"scroll","background-type":"","background-media":"","overlay-type":"","overlay-color":"","overlay-opacity":"","overlay-gradient":""},"mobile":{"background-color":"var(--ast-global-color-4)","background-image":"","background-repeat":"repeat","background-position":"center center","background-size":"auto","background-attachment":"scroll","background-type":"","background-media":"","overlay-type":"","overlay-color":"","overlay-opacity":"","overlay-gradient":""}},"footnotes":""},"categories":[7],"tags":[],"class_list":["post-317","post","type-post","status-publish","format-standard","hentry","category-die-rosa-schleife"],"_links":{"self":[{"href":"https:\/\/pywi.ch\/index.php\/wp-json\/wp\/v2\/posts\/317","targetHints":{"allow":["GET"]}}],"collection":[{"href":"https:\/\/pywi.ch\/index.php\/wp-json\/wp\/v2\/posts"}],"about":[{"href":"https:\/\/pywi.ch\/index.php\/wp-json\/wp\/v2\/types\/post"}],"author":[{"embeddable":true,"href":"https:\/\/pywi.ch\/index.php\/wp-json\/wp\/v2\/users\/2"}],"replies":[{"embeddable":true,"href":"https:\/\/pywi.ch\/index.php\/wp-json\/wp\/v2\/comments?post=317"}],"version-history":[{"count":2,"href":"https:\/\/pywi.ch\/index.php\/wp-json\/wp\/v2\/posts\/317\/revisions"}],"predecessor-version":[{"id":348,"href":"https:\/\/pywi.ch\/index.php\/wp-json\/wp\/v2\/posts\/317\/revisions\/348"}],"wp:attachment":[{"href":"https:\/\/pywi.ch\/index.php\/wp-json\/wp\/v2\/media?parent=317"}],"wp:term":[{"taxonomy":"category","embeddable":true,"href":"https:\/\/pywi.ch\/index.php\/wp-json\/wp\/v2\/categories?post=317"},{"taxonomy":"post_tag","embeddable":true,"href":"https:\/\/pywi.ch\/index.php\/wp-json\/wp\/v2\/tags?post=317"}],"curies":[{"name":"wp","href":"https:\/\/api.w.org\/{rel}","templated":true}]}}