{"id":314,"date":"2025-04-24T19:20:02","date_gmt":"2025-04-24T19:20:02","guid":{"rendered":"https:\/\/pywi.ch\/?p=314"},"modified":"2025-04-24T20:34:19","modified_gmt":"2025-04-24T20:34:19","slug":"jetzt-strahle-ich","status":"publish","type":"post","link":"https:\/\/pywi.ch\/index.php\/2025\/04\/24\/jetzt-strahle-ich\/","title":{"rendered":"Jetzt strahle ich\u2026"},"content":{"rendered":"\n<p class=\"wp-block-paragraph\">Ver\u00f6ffentlicht: Freitag, 15. Mai 2015 03:11<\/p>\n\n\n\n<p class=\"wp-block-paragraph\"><br>Jo, endlich konnte es losgehen mit dem Bestrahlen. Wie schon zweimal ge\u00fcbt, begann es mit dem Vorbereitungs-CT und dem Anpassen des Liegekissens. Da ich wegen meiner Fibromyalgie immer mal wieder Probleme mit den Armen habe, wurde mir ein Kissen angepasst. Eine lustige Sache. Das Teil enth\u00e4lt K\u00fcgelchen (vermutlich Styropor) die dann, nachdem man die Luft absaugt in der Stellung bleiben. Eine \u00fcberdimensionale Mold von mir sozusagen.<\/p>\n\n\n\n<figure class=\"wp-block-image size-full is-resized\"><img loading=\"lazy\" decoding=\"async\" width=\"600\" height=\"686\" src=\"https:\/\/pywi.ch\/wp-content\/uploads\/2025\/04\/kap31.jpg\" alt=\"\" class=\"wp-image-315\" style=\"width:414px;height:auto\" srcset=\"https:\/\/pywi.ch\/wp-content\/uploads\/2025\/04\/kap31.jpg 600w, https:\/\/pywi.ch\/wp-content\/uploads\/2025\/04\/kap31-262x300.jpg 262w\" sizes=\"auto, (max-width: 600px) 100vw, 600px\" \/><\/figure>\n\n\n\n<p class=\"wp-block-paragraph\">So kann ich mich nun fast beschwerdefrei f\u00fcr die Bestrahlungen hinlegen. Mit Filzstift wurden dann noch Zeichen auf meine Haut gemalt. Diese Zeichen haben die Strahlis dann noch mit d\u00fcnner durchsichtiger Folie abgeklebt, damit die Linien nicht zu schnell verwischen.<\/p>\n\n\n\n<p class=\"wp-block-paragraph\">Am 5. Mai stieg ich also in meine erste Bestrahlung. Zu den schwarzen Linien kamen auch noch ein paar rote dazu. Die Strahleleute verliessen den Raum und es klakkerte, piepste und r\u00fcttelte um mich herum. Die \u00fcberdimensionale &#8222;Kelle&#8220; des Bestrahlungskopfes drehte sich um mich. Habe noch nicht herausgefunden, welches Klackern die Bestrahlung und welches die Drehbewegungen sind.<\/p>\n\n\n\n<p class=\"wp-block-paragraph\">Meine t\u00e4glichen 15 Minuten &#8222;Meditation&#8220; werden langsam zur Gewohnheit. Leider reagierte meine Haut wiedermal mit Pickelchen und heftigem Jucken gegen die durchsichtigen Kleber. Laut Arzt sei es keine Allergie, da es ja nicht \u00fcberall juckt. Auf jeden Fall mussten wir die Kleber bei den Br\u00fcsten abmachen. Dies bedingt, dass die roten Streifen fast t\u00e4glich nachgezeichnet werden m\u00fcssen. Und da bin ich nicht die erste, die sich fragt, ob der Filzer wohl krebserregend ist?<\/p>\n\n\n\n<p class=\"wp-block-paragraph\">Jetzt, fast 2 Wochen nach der ersten Bestrahlung f\u00fchle ich, wie die M\u00fcdigkeit in mir hochkriecht. Und sobald ich mich k\u00f6rperlich anstrenge, wird mir hunde\u00fcbel. Also ist noch einmal Schonung angesagt. Dabei haben wir zuhause gerade Baustelle und ich m\u00f6chte so gerne mit anpacken.<\/p>\n\n\n\n<p class=\"wp-block-paragraph\">Aber ich darf zufrieden sein, denn bis jetzt hat sich meine Haut noch nicht ver\u00e4ndert, schmerzt nicht und verh\u00e4lt sich ganz ruhig. Sicher nicht zuletzt wegen dem Spray und der Lotion die ich von einer ganz lieben Bekannten bekommen habe. Die stinken zwar wie Schuhcreme, aber anscheinend helfen die ausgezeichnet. Das darf ruhig so bleiben bis zum Schluss.<\/p>\n\n\n\n\n","protected":false},"excerpt":{"rendered":"<p>Ver\u00f6ffentlicht: Freitag, 15. Mai 2015 03:11 Jo, endlich konnte es losgehen mit dem Bestrahlen. Wie schon zweimal ge\u00fcbt, begann es [&hellip;]<\/p>\n","protected":false},"author":2,"featured_media":0,"comment_status":"closed","ping_status":"open","sticky":false,"template":"","format":"standard","meta":{"site-sidebar-layout":"default","site-content-layout":"","ast-site-content-layout":"default","site-content-style":"default","site-sidebar-style":"default","ast-global-header-display":"","ast-banner-title-visibility":"","ast-main-header-display":"","ast-hfb-above-header-display":"","ast-hfb-below-header-display":"","ast-hfb-mobile-header-display":"","site-post-title":"","ast-breadcrumbs-content":"","ast-featured-img":"","footer-sml-layout":"","ast-disable-related-posts":"","theme-transparent-header-meta":"","adv-header-id-meta":"","stick-header-meta":"","header-above-stick-meta":"","header-main-stick-meta":"","header-below-stick-meta":"","astra-migrate-meta-layouts":"default","ast-page-background-enabled":"default","ast-page-background-meta":{"desktop":{"background-color":"var(--ast-global-color-5)","background-image":"","background-repeat":"repeat","background-position":"center center","background-size":"auto","background-attachment":"scroll","background-type":"","background-media":"","overlay-type":"","overlay-color":"","overlay-opacity":"","overlay-gradient":""},"tablet":{"background-color":"","background-image":"","background-repeat":"repeat","background-position":"center center","background-size":"auto","background-attachment":"scroll","background-type":"","background-media":"","overlay-type":"","overlay-color":"","overlay-opacity":"","overlay-gradient":""},"mobile":{"background-color":"","background-image":"","background-repeat":"repeat","background-position":"center center","background-size":"auto","background-attachment":"scroll","background-type":"","background-media":"","overlay-type":"","overlay-color":"","overlay-opacity":"","overlay-gradient":""}},"ast-content-background-meta":{"desktop":{"background-color":"var(--ast-global-color-4)","background-image":"","background-repeat":"repeat","background-position":"center center","background-size":"auto","background-attachment":"scroll","background-type":"","background-media":"","overlay-type":"","overlay-color":"","overlay-opacity":"","overlay-gradient":""},"tablet":{"background-color":"var(--ast-global-color-4)","background-image":"","background-repeat":"repeat","background-position":"center center","background-size":"auto","background-attachment":"scroll","background-type":"","background-media":"","overlay-type":"","overlay-color":"","overlay-opacity":"","overlay-gradient":""},"mobile":{"background-color":"var(--ast-global-color-4)","background-image":"","background-repeat":"repeat","background-position":"center center","background-size":"auto","background-attachment":"scroll","background-type":"","background-media":"","overlay-type":"","overlay-color":"","overlay-opacity":"","overlay-gradient":""}},"footnotes":""},"categories":[7],"tags":[],"class_list":["post-314","post","type-post","status-publish","format-standard","hentry","category-die-rosa-schleife"],"_links":{"self":[{"href":"https:\/\/pywi.ch\/index.php\/wp-json\/wp\/v2\/posts\/314","targetHints":{"allow":["GET"]}}],"collection":[{"href":"https:\/\/pywi.ch\/index.php\/wp-json\/wp\/v2\/posts"}],"about":[{"href":"https:\/\/pywi.ch\/index.php\/wp-json\/wp\/v2\/types\/post"}],"author":[{"embeddable":true,"href":"https:\/\/pywi.ch\/index.php\/wp-json\/wp\/v2\/users\/2"}],"replies":[{"embeddable":true,"href":"https:\/\/pywi.ch\/index.php\/wp-json\/wp\/v2\/comments?post=314"}],"version-history":[{"count":2,"href":"https:\/\/pywi.ch\/index.php\/wp-json\/wp\/v2\/posts\/314\/revisions"}],"predecessor-version":[{"id":349,"href":"https:\/\/pywi.ch\/index.php\/wp-json\/wp\/v2\/posts\/314\/revisions\/349"}],"wp:attachment":[{"href":"https:\/\/pywi.ch\/index.php\/wp-json\/wp\/v2\/media?parent=314"}],"wp:term":[{"taxonomy":"category","embeddable":true,"href":"https:\/\/pywi.ch\/index.php\/wp-json\/wp\/v2\/categories?post=314"},{"taxonomy":"post_tag","embeddable":true,"href":"https:\/\/pywi.ch\/index.php\/wp-json\/wp\/v2\/tags?post=314"}],"curies":[{"name":"wp","href":"https:\/\/api.w.org\/{rel}","templated":true}]}}