{"id":310,"date":"2025-04-24T19:10:09","date_gmt":"2025-04-24T19:10:09","guid":{"rendered":"https:\/\/pywi.ch\/?p=310"},"modified":"2025-04-24T20:35:29","modified_gmt":"2025-04-24T20:35:29","slug":"jetzt-aber","status":"publish","type":"post","link":"https:\/\/pywi.ch\/index.php\/2025\/04\/24\/jetzt-aber\/","title":{"rendered":"Jetzt aber\u2026"},"content":{"rendered":"\n<p class=\"wp-block-paragraph\">Ver\u00f6ffentlicht: Montag, 30. M\u00e4rz 2015 16:22<\/p>\n\n\n\n<p class=\"wp-block-paragraph\"><br>Ich wage es ja kaum es zu schreiben, aber\u2026<\/p>\n\n\n\n<p class=\"wp-block-paragraph\">\u2026 es wird nun doch nicht operiert.<\/p>\n\n\n\n<p class=\"wp-block-paragraph\">Ehrlich, ich bin ja noch so froh, wenn die nicht wieder schneiden wollen, aber im ersten Moment h\u00e4tte ich beinahe einen Schreikrampf bekommen.<\/p>\n\n\n\n<p class=\"wp-block-paragraph\">Aber von Anfang an:<br>Wie geplant sind mein Brummb\u00e4r und ich heute etwas \u00fcberp\u00fcnktlich bei der Gyn\u00e4kologin im Spital eingetrudelt. Die Praxisassistentin hat zwar die Augen verdreht, dass wir sage und schreibe 15 Minuten zu fr\u00fch und noch in der Mittagspause ankamen. Es gab ihr ja so viel zu tun, uns mal kurz ins Wartezimmer zu verbannen.<br>Die \u00c4rztin raufte sich kurz die Haare, weil ich immer noch nicht bestrahlt und weil mein letzter Termin in Bern abgesagt wurde. Sie entschuldigte sich, dass sie krank war. Daf\u00fcr konnte sie ja nix. Und es lag nicht an ihr, dass es nicht das Einzige war, was die letzten drei Monate nicht so lief wie es h\u00e4tte laufen sollen. Ich vermute einfach, dass hier zu viele K\u00f6che die Suppe z\u00fcnftig versalzen hatten. Ja und ich hatte sie auszul\u00f6ffeln.<\/p>\n\n\n\n<p class=\"wp-block-paragraph\">Nungut, wir begaben uns zum Ultraschallger\u00e4t und sie suchte und suchte. Das Einzige das sich kurz mal blicken liess, war eine Zyste. Sonst war alles im gr\u00fcnen Bereich, von einer befallenen Lymphdr\u00fcse war im ganzen Gebiet nix zu sehen. Dabei h\u00e4tte ich gerne ein Foto zum zeigen gemacht. Aber wo nix ist, ist nix zum zeigen und auch nix zum operieren. Die Anti\u00f6strogen haben ihn vermutlich gekillt. Gut so!<\/p>\n\n\n\n<p class=\"wp-block-paragraph\">Tja, jetzt wollte sie es aber gut organisiert wissen und es klappte sogar. Morgen f\u00e4ngt es nun tats\u00e4chlich an mit der Bestrahlerei. Zuerst Anzeichnen, dann probe Bestrahlung und nach Ostern gehts dann richtig los mit der Braterei. Dann wird der Restkrebs schonungslos verbrutzelt. Uuuund noch etwas Gutes: ich kann alles hier im Spital machen und muss nicht nach Bern fahren.<\/p>\n\n\n\n<p class=\"wp-block-paragraph\">Klar, wenn man normal im Januar angefangen h\u00e4tte, dann w\u00e4re jetzt alles schon hinter mir. Aber andererseits konnte ich mich doch etwas erholen und steige jetzt erholt in die zweite Runde.<\/p>\n\n\n\n\n","protected":false},"excerpt":{"rendered":"<p>Ver\u00f6ffentlicht: Montag, 30. M\u00e4rz 2015 16:22 Ich wage es ja kaum es zu schreiben, aber\u2026 \u2026 es wird nun doch [&hellip;]<\/p>\n","protected":false},"author":2,"featured_media":0,"comment_status":"closed","ping_status":"open","sticky":false,"template":"","format":"standard","meta":{"site-sidebar-layout":"default","site-content-layout":"","ast-site-content-layout":"default","site-content-style":"default","site-sidebar-style":"default","ast-global-header-display":"","ast-banner-title-visibility":"","ast-main-header-display":"","ast-hfb-above-header-display":"","ast-hfb-below-header-display":"","ast-hfb-mobile-header-display":"","site-post-title":"","ast-breadcrumbs-content":"","ast-featured-img":"","footer-sml-layout":"","ast-disable-related-posts":"","theme-transparent-header-meta":"","adv-header-id-meta":"","stick-header-meta":"","header-above-stick-meta":"","header-main-stick-meta":"","header-below-stick-meta":"","astra-migrate-meta-layouts":"default","ast-page-background-enabled":"default","ast-page-background-meta":{"desktop":{"background-color":"var(--ast-global-color-5)","background-image":"","background-repeat":"repeat","background-position":"center center","background-size":"auto","background-attachment":"scroll","background-type":"","background-media":"","overlay-type":"","overlay-color":"","overlay-opacity":"","overlay-gradient":""},"tablet":{"background-color":"","background-image":"","background-repeat":"repeat","background-position":"center center","background-size":"auto","background-attachment":"scroll","background-type":"","background-media":"","overlay-type":"","overlay-color":"","overlay-opacity":"","overlay-gradient":""},"mobile":{"background-color":"","background-image":"","background-repeat":"repeat","background-position":"center center","background-size":"auto","background-attachment":"scroll","background-type":"","background-media":"","overlay-type":"","overlay-color":"","overlay-opacity":"","overlay-gradient":""}},"ast-content-background-meta":{"desktop":{"background-color":"var(--ast-global-color-4)","background-image":"","background-repeat":"repeat","background-position":"center center","background-size":"auto","background-attachment":"scroll","background-type":"","background-media":"","overlay-type":"","overlay-color":"","overlay-opacity":"","overlay-gradient":""},"tablet":{"background-color":"var(--ast-global-color-4)","background-image":"","background-repeat":"repeat","background-position":"center center","background-size":"auto","background-attachment":"scroll","background-type":"","background-media":"","overlay-type":"","overlay-color":"","overlay-opacity":"","overlay-gradient":""},"mobile":{"background-color":"var(--ast-global-color-4)","background-image":"","background-repeat":"repeat","background-position":"center center","background-size":"auto","background-attachment":"scroll","background-type":"","background-media":"","overlay-type":"","overlay-color":"","overlay-opacity":"","overlay-gradient":""}},"footnotes":""},"categories":[7],"tags":[],"class_list":["post-310","post","type-post","status-publish","format-standard","hentry","category-die-rosa-schleife"],"_links":{"self":[{"href":"https:\/\/pywi.ch\/index.php\/wp-json\/wp\/v2\/posts\/310","targetHints":{"allow":["GET"]}}],"collection":[{"href":"https:\/\/pywi.ch\/index.php\/wp-json\/wp\/v2\/posts"}],"about":[{"href":"https:\/\/pywi.ch\/index.php\/wp-json\/wp\/v2\/types\/post"}],"author":[{"embeddable":true,"href":"https:\/\/pywi.ch\/index.php\/wp-json\/wp\/v2\/users\/2"}],"replies":[{"embeddable":true,"href":"https:\/\/pywi.ch\/index.php\/wp-json\/wp\/v2\/comments?post=310"}],"version-history":[{"count":2,"href":"https:\/\/pywi.ch\/index.php\/wp-json\/wp\/v2\/posts\/310\/revisions"}],"predecessor-version":[{"id":351,"href":"https:\/\/pywi.ch\/index.php\/wp-json\/wp\/v2\/posts\/310\/revisions\/351"}],"wp:attachment":[{"href":"https:\/\/pywi.ch\/index.php\/wp-json\/wp\/v2\/media?parent=310"}],"wp:term":[{"taxonomy":"category","embeddable":true,"href":"https:\/\/pywi.ch\/index.php\/wp-json\/wp\/v2\/categories?post=310"},{"taxonomy":"post_tag","embeddable":true,"href":"https:\/\/pywi.ch\/index.php\/wp-json\/wp\/v2\/tags?post=310"}],"curies":[{"name":"wp","href":"https:\/\/api.w.org\/{rel}","templated":true}]}}