{"id":308,"date":"2025-04-24T19:07:32","date_gmt":"2025-04-24T19:07:32","guid":{"rendered":"https:\/\/pywi.ch\/?p=308"},"modified":"2025-04-24T20:35:54","modified_gmt":"2025-04-24T20:35:54","slug":"und-oefters-kommt-es-anders","status":"publish","type":"post","link":"https:\/\/pywi.ch\/index.php\/2025\/04\/24\/und-oefters-kommt-es-anders\/","title":{"rendered":"Und \u00f6fters kommt es anders\u2026"},"content":{"rendered":"\n<p class=\"wp-block-paragraph\">Ver\u00f6ffentlicht: Montag, 23. M\u00e4rz 2015 16:37<\/p>\n\n\n\n<p class=\"wp-block-paragraph\"><br>Habe ich schon mal erw\u00e4hnt, dass ich Warten hasse?<\/p>\n\n\n\n<p class=\"wp-block-paragraph\">Nun ist meine Chemotherapie bereits mehr als zwei Monate her und ich hab immer noch keine Bestrahlung bekommen. Ich hatte zwar die Besprechung mit der Radiologie-\u00c4rztin in Solothurn und sp\u00e4ter auch noch die gleiche Besprechung in Bern, aber keiner wusste wie es nun konkret weiter geht.<\/p>\n\n\n\n<p class=\"wp-block-paragraph\">Die Reise nach Bern musste ich alleine unter die R\u00e4der nehmen, da mein lieber Brummb\u00e4r mit Grippe im Bett lag. Daf\u00fcr hat mich meine Tochter begleitet, was mich sehr gefreut hat. Es war ihr Wunsch dabei zu sein. Sch\u00f6n gell?<br>Aber die Besprechung brachte nicht viel, da ich das Gleiche h\u00f6rte wie bereits in Solothurn. Die Tumor-Port-Konferenz scheint gem\u00e4ss des jeweiligen Gespr\u00e4chspartner immer erst gerade stattgefunden zu haben und die \u00c4rzte waren sich lange uneinig. Ich vermutete, dass niemand wirklich meine Akten las und f\u00fchlte mich richtig allein gelassen.<\/p>\n\n\n\n<p class=\"wp-block-paragraph\">Dies \u00e4usserte ich dann auch bei meiner Onkologin anl\u00e4sslich meiner Herzeptininfusion, dass es ziemlich m\u00fchsam sei, dass es nicht weiterging. Dass Bern Solothurn die Schuld gab f\u00fcr das schleppende weitergehen und umgekehrt. In Bern sch\u00fcttelte man den Kopf, dass ich immer noch keine Bestrahlung h\u00e4tte und in Solothurn sagte man mir, dass sie auf den Bericht des Obergremiums der Konferenz warten.<\/p>\n\n\n\n<p class=\"wp-block-paragraph\">Heute nun h\u00e4tte ich drei Termine gehabt. Den ersten morgens fr\u00fch mit der Gyn\u00e4kologin zum Gespr\u00e4ch, den zweiten in Bern f\u00fcr die Testbestrahlung und den dritten auch in Bern f\u00fcr die erste Bestrahlung.<\/p>\n\n\n\n<p class=\"wp-block-paragraph\">PUSTEKUCHEN<\/p>\n\n\n\n<p class=\"wp-block-paragraph\">Meine Gyn liess anrufen, sie hat sich die Grippe eingefangen. Dann habe ich wieder mal zur\u00fcckgerufen um zu fragen, ob es denn ein Resultat vom letzten CT gebe und ob denn nun die Bestrahlung am Nachmittag anfange. Wieder mal warten, der zust\u00e4ndige Stellvertreter sei gerade im OP. Ich solle aber noch nicht losfahren. Also wartete ich\u2026.<\/p>\n\n\n\n<p class=\"wp-block-paragraph\">Dann kurz vor der Zeit wo ich h\u00e4tte losfahren m\u00fcssen rief der Arzt an und erl\u00e4uterte mir, dass heute die Tumor-Port-Konferenz entschieden h\u00e4tte. dass es nun doch sicherer sei, wenn man meinen immer noch befallenen Lymphknoten rausnehme. Also nun doch noch einmal eine OP. Und um diese Entscheidung zu f\u00e4llen haben sie ganze zweieinhalb Monate gebraucht. N\u00e4chsten Montag wird dann die Besprechung mit meiner Gyn sein f\u00fcr die OP. Bin ja gespannt ob es bis dann nicht doch heisst, dass es keine OP gebe\u2026<\/p>\n\n\n\n\n","protected":false},"excerpt":{"rendered":"<p>Ver\u00f6ffentlicht: Montag, 23. M\u00e4rz 2015 16:37 Habe ich schon mal erw\u00e4hnt, dass ich Warten hasse? Nun ist meine Chemotherapie bereits [&hellip;]<\/p>\n","protected":false},"author":2,"featured_media":0,"comment_status":"closed","ping_status":"open","sticky":false,"template":"","format":"standard","meta":{"site-sidebar-layout":"default","site-content-layout":"","ast-site-content-layout":"default","site-content-style":"default","site-sidebar-style":"default","ast-global-header-display":"","ast-banner-title-visibility":"","ast-main-header-display":"","ast-hfb-above-header-display":"","ast-hfb-below-header-display":"","ast-hfb-mobile-header-display":"","site-post-title":"","ast-breadcrumbs-content":"","ast-featured-img":"","footer-sml-layout":"","ast-disable-related-posts":"","theme-transparent-header-meta":"","adv-header-id-meta":"","stick-header-meta":"","header-above-stick-meta":"","header-main-stick-meta":"","header-below-stick-meta":"","astra-migrate-meta-layouts":"default","ast-page-background-enabled":"default","ast-page-background-meta":{"desktop":{"background-color":"var(--ast-global-color-5)","background-image":"","background-repeat":"repeat","background-position":"center center","background-size":"auto","background-attachment":"scroll","background-type":"","background-media":"","overlay-type":"","overlay-color":"","overlay-opacity":"","overlay-gradient":""},"tablet":{"background-color":"","background-image":"","background-repeat":"repeat","background-position":"center center","background-size":"auto","background-attachment":"scroll","background-type":"","background-media":"","overlay-type":"","overlay-color":"","overlay-opacity":"","overlay-gradient":""},"mobile":{"background-color":"","background-image":"","background-repeat":"repeat","background-position":"center center","background-size":"auto","background-attachment":"scroll","background-type":"","background-media":"","overlay-type":"","overlay-color":"","overlay-opacity":"","overlay-gradient":""}},"ast-content-background-meta":{"desktop":{"background-color":"var(--ast-global-color-4)","background-image":"","background-repeat":"repeat","background-position":"center center","background-size":"auto","background-attachment":"scroll","background-type":"","background-media":"","overlay-type":"","overlay-color":"","overlay-opacity":"","overlay-gradient":""},"tablet":{"background-color":"var(--ast-global-color-4)","background-image":"","background-repeat":"repeat","background-position":"center center","background-size":"auto","background-attachment":"scroll","background-type":"","background-media":"","overlay-type":"","overlay-color":"","overlay-opacity":"","overlay-gradient":""},"mobile":{"background-color":"var(--ast-global-color-4)","background-image":"","background-repeat":"repeat","background-position":"center center","background-size":"auto","background-attachment":"scroll","background-type":"","background-media":"","overlay-type":"","overlay-color":"","overlay-opacity":"","overlay-gradient":""}},"footnotes":""},"categories":[7],"tags":[],"class_list":["post-308","post","type-post","status-publish","format-standard","hentry","category-die-rosa-schleife"],"_links":{"self":[{"href":"https:\/\/pywi.ch\/index.php\/wp-json\/wp\/v2\/posts\/308","targetHints":{"allow":["GET"]}}],"collection":[{"href":"https:\/\/pywi.ch\/index.php\/wp-json\/wp\/v2\/posts"}],"about":[{"href":"https:\/\/pywi.ch\/index.php\/wp-json\/wp\/v2\/types\/post"}],"author":[{"embeddable":true,"href":"https:\/\/pywi.ch\/index.php\/wp-json\/wp\/v2\/users\/2"}],"replies":[{"embeddable":true,"href":"https:\/\/pywi.ch\/index.php\/wp-json\/wp\/v2\/comments?post=308"}],"version-history":[{"count":2,"href":"https:\/\/pywi.ch\/index.php\/wp-json\/wp\/v2\/posts\/308\/revisions"}],"predecessor-version":[{"id":352,"href":"https:\/\/pywi.ch\/index.php\/wp-json\/wp\/v2\/posts\/308\/revisions\/352"}],"wp:attachment":[{"href":"https:\/\/pywi.ch\/index.php\/wp-json\/wp\/v2\/media?parent=308"}],"wp:term":[{"taxonomy":"category","embeddable":true,"href":"https:\/\/pywi.ch\/index.php\/wp-json\/wp\/v2\/categories?post=308"},{"taxonomy":"post_tag","embeddable":true,"href":"https:\/\/pywi.ch\/index.php\/wp-json\/wp\/v2\/tags?post=308"}],"curies":[{"name":"wp","href":"https:\/\/api.w.org\/{rel}","templated":true}]}}