{"id":306,"date":"2025-04-24T19:04:39","date_gmt":"2025-04-24T19:04:39","guid":{"rendered":"https:\/\/pywi.ch\/?p=306"},"modified":"2025-04-24T20:36:45","modified_gmt":"2025-04-24T20:36:45","slug":"immer-noch-warten","status":"publish","type":"post","link":"https:\/\/pywi.ch\/index.php\/2025\/04\/24\/immer-noch-warten\/","title":{"rendered":"Immer noch warten"},"content":{"rendered":"\n<p class=\"wp-block-paragraph\">Ver\u00f6ffentlicht: Montag, 02. M\u00e4rz 2015 20:08<\/p>\n\n\n\n<p class=\"wp-block-paragraph\"><br>ich weiss nicht woran es liegt, aber irgendwie werde ich ab und zu einfach vergessen. Laut Onkologin sollte ich schon l\u00e4ngst Termine f\u00fcr die Bestrahlung haben und diese h\u00e4tte auch schon angefangen haben sollen. Nun, die Ferienzeit und die Vertretungen haben da wohl anders gedacht. Also wurde ich angemeldet und ich h\u00f6rte\u2026. Nichts\u2026<\/p>\n\n\n\n<p class=\"wp-block-paragraph\">Nach ein paar Tagen rief ich im Spital an. Was dann geschah, erinnert sehr an den Sketch von Ces Kaiser:<\/p>\n\n\n\n<p class=\"wp-block-paragraph\">Ja, genauso wurde ich sicher zehn mal verbunden, bis ich jemanden erreichte, der mir weiterhelfen konnte. Die Dame war sehr nett und hilfsbereit und sagte, dass sie sich erkundigen und mich dann informieren w\u00fcrde. Tats\u00e4chlich rief sie 10 Minuten sp\u00e4ter wieder an und sagte, dass meine Anmeldung in Bern wohl irgendwie abgetaucht sei. Aber es sei jetzt in guten H\u00e4nden und es m\u00fcsste jetzt klappen. Ich glaubte ihr und wartete.<\/p>\n\n\n\n<p class=\"wp-block-paragraph\">Heute nun hab ich wieder angerufen da ich nach einer halben Woche immer noch nichts geh\u00f6rt habe. Und oh Wunder, ich wurde direkt mit der richtigen Person verbunden. Das gleiche Spiel wie letzte Woche, sie w\u00fcrde zur\u00fcckrufen.<\/p>\n\n\n\n<p class=\"wp-block-paragraph\">Und auch diesmal kam der R\u00fcckruf ziemlich schnell. Der Termin stehe fest, der Brief sollte unterwegs sein. Und sie gab mir meinen Termin gleich telefonisch durch. N\u00e4chsten Dienstag Morgen hab ich meinen ersten Termin in Bern. Vermutlich erste Besprechung und ev. Kriegsbemalung. Und Juhuuui, Brummb\u00e4r hat frei. Ich frage mich, warum die nicht mal kurz anrufen k\u00f6nnen? Die hatten jetzt \u00f6fters telefonate, weil nachgefragt wurde. Ein kurzes Telefonat mit mir und sie h\u00e4tten sich drei andere sparen k\u00f6nnen. Ich verstehe nicht, dass die Termine \u00f6fters so kurzfristig mitgeteilt werden? F\u00fcr die letzte Biopsie wo ich drei mal anrufen musste kam der Termin einen Tag vorher. Ich weiss, dass ich nicht die einzige Patientin bin, aber die Fragen und das ungute Gef\u00fchl das w\u00e4hrend dem Warten entstehen sollte doch auch beachtet werden. Wenigstens einen Termin sollte man bekommen, auch wenn es noch l\u00e4nger dauert, dann f\u00fchlt man sich nicht vergessen. Die Anmeldung beim Onkopsychologen vor zwei Monaten ist bisher unbeantwortet geblieben. Ich hab mir mittlerweile anderswo Hilfe geholt.<\/p>\n\n\n\n<p class=\"wp-block-paragraph\">Aber nun zu etwas Erfreulichem. Heute habe ich \u00fcber Facebook eine Private Nachricht bekommen, die mich total gefreut hat:<br><em>Hallo pia, ich habe dich via bruskrebs schweiz hier gefunden, und soeben in deinem blogg gest\u00f6bert! Danke!! Danke dass ich mich dadurch ein klein wenig auf das gefasst machen kann, was ich bald durchmachen muss! Danke fuer deine so poitiv geschriebenen bloggpostings und danke vorallem dass du uebrhaupt darueber schreibst! Ich habe seit gestern die diagnose brustkrebs und keine ahnung was nun abgeht! Ich habe angst und vorallem bin ich sehr unsicher wie man sowas durchsteht! Aber dadurch dass ich deine postings lesen kann, etwas gefasster als vorher. Alles alles gute dir und viel glueck beim kampf gegen dein schalentier!!! Liebe grusse<\/em><\/p>\n\n\n\n<p class=\"wp-block-paragraph\">Es freut mich sehr, dass ich jetzt auch weiss, dass ich damit jemandem ein kleines Bisschen helfen konnte. Schon allein dadurch hat es sich gelohnt meine Gef\u00fchle und Gedanken nieder zu schreiben und hier zu deponieren. Danke liebe Leserin f\u00fcr dein Feedback. W\u00fcnsche auch dir alles Gute f\u00fcr die kommende harte Zeit.<\/p>\n\n\n\n\n","protected":false},"excerpt":{"rendered":"<p>Ver\u00f6ffentlicht: Montag, 02. M\u00e4rz 2015 20:08 ich weiss nicht woran es liegt, aber irgendwie werde ich ab und zu einfach [&hellip;]<\/p>\n","protected":false},"author":2,"featured_media":0,"comment_status":"closed","ping_status":"open","sticky":false,"template":"","format":"standard","meta":{"site-sidebar-layout":"default","site-content-layout":"","ast-site-content-layout":"default","site-content-style":"default","site-sidebar-style":"default","ast-global-header-display":"","ast-banner-title-visibility":"","ast-main-header-display":"","ast-hfb-above-header-display":"","ast-hfb-below-header-display":"","ast-hfb-mobile-header-display":"","site-post-title":"","ast-breadcrumbs-content":"","ast-featured-img":"","footer-sml-layout":"","ast-disable-related-posts":"","theme-transparent-header-meta":"","adv-header-id-meta":"","stick-header-meta":"","header-above-stick-meta":"","header-main-stick-meta":"","header-below-stick-meta":"","astra-migrate-meta-layouts":"default","ast-page-background-enabled":"default","ast-page-background-meta":{"desktop":{"background-color":"var(--ast-global-color-5)","background-image":"","background-repeat":"repeat","background-position":"center center","background-size":"auto","background-attachment":"scroll","background-type":"","background-media":"","overlay-type":"","overlay-color":"","overlay-opacity":"","overlay-gradient":""},"tablet":{"background-color":"","background-image":"","background-repeat":"repeat","background-position":"center center","background-size":"auto","background-attachment":"scroll","background-type":"","background-media":"","overlay-type":"","overlay-color":"","overlay-opacity":"","overlay-gradient":""},"mobile":{"background-color":"","background-image":"","background-repeat":"repeat","background-position":"center center","background-size":"auto","background-attachment":"scroll","background-type":"","background-media":"","overlay-type":"","overlay-color":"","overlay-opacity":"","overlay-gradient":""}},"ast-content-background-meta":{"desktop":{"background-color":"var(--ast-global-color-4)","background-image":"","background-repeat":"repeat","background-position":"center center","background-size":"auto","background-attachment":"scroll","background-type":"","background-media":"","overlay-type":"","overlay-color":"","overlay-opacity":"","overlay-gradient":""},"tablet":{"background-color":"var(--ast-global-color-4)","background-image":"","background-repeat":"repeat","background-position":"center center","background-size":"auto","background-attachment":"scroll","background-type":"","background-media":"","overlay-type":"","overlay-color":"","overlay-opacity":"","overlay-gradient":""},"mobile":{"background-color":"var(--ast-global-color-4)","background-image":"","background-repeat":"repeat","background-position":"center center","background-size":"auto","background-attachment":"scroll","background-type":"","background-media":"","overlay-type":"","overlay-color":"","overlay-opacity":"","overlay-gradient":""}},"footnotes":""},"categories":[7],"tags":[],"class_list":["post-306","post","type-post","status-publish","format-standard","hentry","category-die-rosa-schleife"],"_links":{"self":[{"href":"https:\/\/pywi.ch\/index.php\/wp-json\/wp\/v2\/posts\/306","targetHints":{"allow":["GET"]}}],"collection":[{"href":"https:\/\/pywi.ch\/index.php\/wp-json\/wp\/v2\/posts"}],"about":[{"href":"https:\/\/pywi.ch\/index.php\/wp-json\/wp\/v2\/types\/post"}],"author":[{"embeddable":true,"href":"https:\/\/pywi.ch\/index.php\/wp-json\/wp\/v2\/users\/2"}],"replies":[{"embeddable":true,"href":"https:\/\/pywi.ch\/index.php\/wp-json\/wp\/v2\/comments?post=306"}],"version-history":[{"count":2,"href":"https:\/\/pywi.ch\/index.php\/wp-json\/wp\/v2\/posts\/306\/revisions"}],"predecessor-version":[{"id":353,"href":"https:\/\/pywi.ch\/index.php\/wp-json\/wp\/v2\/posts\/306\/revisions\/353"}],"wp:attachment":[{"href":"https:\/\/pywi.ch\/index.php\/wp-json\/wp\/v2\/media?parent=306"}],"wp:term":[{"taxonomy":"category","embeddable":true,"href":"https:\/\/pywi.ch\/index.php\/wp-json\/wp\/v2\/categories?post=306"},{"taxonomy":"post_tag","embeddable":true,"href":"https:\/\/pywi.ch\/index.php\/wp-json\/wp\/v2\/tags?post=306"}],"curies":[{"name":"wp","href":"https:\/\/api.w.org\/{rel}","templated":true}]}}