{"id":291,"date":"2025-04-24T18:28:46","date_gmt":"2025-04-24T18:28:46","guid":{"rendered":"https:\/\/pywi.ch\/?p=291"},"modified":"2025-04-24T20:39:05","modified_gmt":"2025-04-24T20:39:05","slug":"2014-hat-geendet-das-schalentier-eventuell-noch-da","status":"publish","type":"post","link":"https:\/\/pywi.ch\/index.php\/2025\/04\/24\/2014-hat-geendet-das-schalentier-eventuell-noch-da\/","title":{"rendered":"2014 hat geendet, das Schalentier eventuell noch da"},"content":{"rendered":"\n<p class=\"wp-block-paragraph\">Ver\u00f6ffentlicht: Donnerstag, 08. Januar 2015 15:41<\/p>\n\n\n\n<p class=\"wp-block-paragraph\"><br>M\u00f6glicherweise hatte ich es erw\u00e4hnt, dass beim CT nach der OP ein suspektes Ding unter meiner Achsel gesichtet wurde. Am 29. 12.14 wird erneut ein CT gemacht um zu sehen, ob es damals vor fast einem halben Jahr wirklich nur wegen der OP war. Nach dem CT wurde ich aber ohne Gespr\u00e4ch nach Hause geschickt. Meine Verwirrung war gross und ich war ziemlich gefrustet, weil ich so gar keine Ahnung hatte, wie es denn nun aussieht. Die Radiologin hat sich n\u00e4mlich klar gegen eine OP-Nachwirkung ausgesprochen. Zudem hat sie mir gesagt, dass ich die Bestrahlung ziemlich sicher nicht hier in Solothurn machen k\u00f6nne, sondern t\u00e4glich nach Bern fahren m\u00fcsse. Also etwa 7 Wochen lang jeden Werktag nach Bern und zur\u00fcck. Ich liebe ja meine ehemalige Heimatstadt sehr, aber soooo Heimweh hab ich doch nicht, dass ich da jeden Tag hinfahren m\u00fcsste. Aber f\u00fcr meine Gesundheit werde ich das auf mich nehmen. Jetzt kommts also nur noch auf den Befund des letzten CT an.<\/p>\n\n\n\n<p class=\"wp-block-paragraph\">Heute war wieder Herzeptin-Infusion-Termin und somit auch Besprechung mit meiner Onkologin. Nun, es ist immer noch da, minimal kleiner und noch ein zweiter Befund, der gleich gross geblieben ist. Mein erster Gedanke war &#8222;Scheisse&#8220;. Ja, es hat sich im ersten Moment gerade so angef\u00fchlt, als h\u00e4tte mir jemand in den Magen geschlagen. Komischerweise war das gerade etwas schlimmer als meine Erstdiagnose. Vielleicht, weil ich schon die Chemo hinter mich gebracht habe und jetzt endlich weitergehen wollte und auch die Bestrahlung hinter mich bringen wollte.<\/p>\n\n\n\n<p class=\"wp-block-paragraph\">Statt dessen heisst es nun wieder Stanzbiopsie und wieder ellenlanges Warten auf den Befund. Der Gedanke, dass ich ev. wieder unters Messer muss ist alles andere als angenehm. Es kotzt mich an und ich bin gerade ziemlich hilflos. Ich sitze wieder in dieser Situation, wo ich nicht agieren, sondern einfach mit mir machen lassen muss. Ach wie ich das hasse!<\/p>\n\n\n\n<p class=\"wp-block-paragraph\">Meine Energie l\u00e4uft schon l\u00e4ngere Zeit auf Reserve und nun soll auch diese noch angezapft werden. Ich m\u00f6chte doch endlich meinen schlaffen K\u00f6rper wieder auf Vordermann bringen. Wieder mit Brummb\u00e4r und den Hunden laufen gehen. Momentan schaffe ich gerade mal 10 Minuten. Eine W\u00e4sche in die Waschmaschine stopfen im Keller und ich liege wieder ne halbe Stunde flach. Das kanns doch einfach nicht sein. Und wenn jetzt nochmal eine OP mit Vollnarkose kommt, wie bin ich dann nachher drauf? Mag gar nicht dran denken und hoffe jetzt einfach, dass mein K\u00f6rper dem Spital einfach noch ein kleines R\u00e4tsel aufgeben will und die nix finden.<\/p>\n\n\n\n<figure class=\"wp-block-image size-full is-resized\"><img loading=\"lazy\" decoding=\"async\" width=\"664\" height=\"456\" src=\"https:\/\/pywi.ch\/wp-content\/uploads\/2025\/04\/kap22.jpg\" alt=\"\" class=\"wp-image-292\" style=\"width:399px;height:auto\" srcset=\"https:\/\/pywi.ch\/wp-content\/uploads\/2025\/04\/kap22.jpg 664w, https:\/\/pywi.ch\/wp-content\/uploads\/2025\/04\/kap22-300x206.jpg 300w\" sizes=\"auto, (max-width: 664px) 100vw, 664px\" \/><\/figure>\n\n\n\n<p class=\"wp-block-paragraph\">Ich erfreue mich daf\u00fcr der kleinen Amelie, die gestern per Paket bei mir eingetrudelt ist. Eine kleine Weltenbummlerin, die schon an vielen Flecken der Erde gewesen ist. Und heute hat sie mich ins Spital begleitet. So kann ich ihre Erlebnisse in ihr sch\u00f6nes Tagebuch schreiben.<\/p>\n\n\n\n\n","protected":false},"excerpt":{"rendered":"<p>Ver\u00f6ffentlicht: Donnerstag, 08. Januar 2015 15:41 M\u00f6glicherweise hatte ich es erw\u00e4hnt, dass beim CT nach der OP ein suspektes Ding [&hellip;]<\/p>\n","protected":false},"author":2,"featured_media":0,"comment_status":"closed","ping_status":"open","sticky":false,"template":"","format":"standard","meta":{"site-sidebar-layout":"default","site-content-layout":"","ast-site-content-layout":"default","site-content-style":"default","site-sidebar-style":"default","ast-global-header-display":"","ast-banner-title-visibility":"","ast-main-header-display":"","ast-hfb-above-header-display":"","ast-hfb-below-header-display":"","ast-hfb-mobile-header-display":"","site-post-title":"","ast-breadcrumbs-content":"","ast-featured-img":"","footer-sml-layout":"","ast-disable-related-posts":"","theme-transparent-header-meta":"","adv-header-id-meta":"","stick-header-meta":"","header-above-stick-meta":"","header-main-stick-meta":"","header-below-stick-meta":"","astra-migrate-meta-layouts":"default","ast-page-background-enabled":"default","ast-page-background-meta":{"desktop":{"background-color":"var(--ast-global-color-5)","background-image":"","background-repeat":"repeat","background-position":"center center","background-size":"auto","background-attachment":"scroll","background-type":"","background-media":"","overlay-type":"","overlay-color":"","overlay-opacity":"","overlay-gradient":""},"tablet":{"background-color":"","background-image":"","background-repeat":"repeat","background-position":"center center","background-size":"auto","background-attachment":"scroll","background-type":"","background-media":"","overlay-type":"","overlay-color":"","overlay-opacity":"","overlay-gradient":""},"mobile":{"background-color":"","background-image":"","background-repeat":"repeat","background-position":"center center","background-size":"auto","background-attachment":"scroll","background-type":"","background-media":"","overlay-type":"","overlay-color":"","overlay-opacity":"","overlay-gradient":""}},"ast-content-background-meta":{"desktop":{"background-color":"var(--ast-global-color-4)","background-image":"","background-repeat":"repeat","background-position":"center center","background-size":"auto","background-attachment":"scroll","background-type":"","background-media":"","overlay-type":"","overlay-color":"","overlay-opacity":"","overlay-gradient":""},"tablet":{"background-color":"var(--ast-global-color-4)","background-image":"","background-repeat":"repeat","background-position":"center center","background-size":"auto","background-attachment":"scroll","background-type":"","background-media":"","overlay-type":"","overlay-color":"","overlay-opacity":"","overlay-gradient":""},"mobile":{"background-color":"var(--ast-global-color-4)","background-image":"","background-repeat":"repeat","background-position":"center center","background-size":"auto","background-attachment":"scroll","background-type":"","background-media":"","overlay-type":"","overlay-color":"","overlay-opacity":"","overlay-gradient":""}},"footnotes":""},"categories":[7],"tags":[],"class_list":["post-291","post","type-post","status-publish","format-standard","hentry","category-die-rosa-schleife"],"_links":{"self":[{"href":"https:\/\/pywi.ch\/index.php\/wp-json\/wp\/v2\/posts\/291","targetHints":{"allow":["GET"]}}],"collection":[{"href":"https:\/\/pywi.ch\/index.php\/wp-json\/wp\/v2\/posts"}],"about":[{"href":"https:\/\/pywi.ch\/index.php\/wp-json\/wp\/v2\/types\/post"}],"author":[{"embeddable":true,"href":"https:\/\/pywi.ch\/index.php\/wp-json\/wp\/v2\/users\/2"}],"replies":[{"embeddable":true,"href":"https:\/\/pywi.ch\/index.php\/wp-json\/wp\/v2\/comments?post=291"}],"version-history":[{"count":2,"href":"https:\/\/pywi.ch\/index.php\/wp-json\/wp\/v2\/posts\/291\/revisions"}],"predecessor-version":[{"id":358,"href":"https:\/\/pywi.ch\/index.php\/wp-json\/wp\/v2\/posts\/291\/revisions\/358"}],"wp:attachment":[{"href":"https:\/\/pywi.ch\/index.php\/wp-json\/wp\/v2\/media?parent=291"}],"wp:term":[{"taxonomy":"category","embeddable":true,"href":"https:\/\/pywi.ch\/index.php\/wp-json\/wp\/v2\/categories?post=291"},{"taxonomy":"post_tag","embeddable":true,"href":"https:\/\/pywi.ch\/index.php\/wp-json\/wp\/v2\/tags?post=291"}],"curies":[{"name":"wp","href":"https:\/\/api.w.org\/{rel}","templated":true}]}}