{"id":288,"date":"2025-04-24T18:25:07","date_gmt":"2025-04-24T18:25:07","guid":{"rendered":"https:\/\/pywi.ch\/?p=288"},"modified":"2025-04-24T20:39:32","modified_gmt":"2025-04-24T20:39:32","slug":"doch-noch-kein-ende-in-sicht","status":"publish","type":"post","link":"https:\/\/pywi.ch\/index.php\/2025\/04\/24\/doch-noch-kein-ende-in-sicht\/","title":{"rendered":"Doch noch kein Ende in Sicht"},"content":{"rendered":"\n<p class=\"wp-block-paragraph\">Ver\u00f6ffentlicht: Donnerstag, 25. Dezember 2014 12:24<\/p>\n\n\n\n<p class=\"wp-block-paragraph\"><br>5500 neue Brustkrebs Erkrankungen pro Jahr allein in der Schweiz. Das ist eine ganze Menge und diese Zahl zeigt mir, dass ich nicht alleine bin. Aber ich weiss auch, dass jeder Brustkrebs anders ist, dass jede Frau oder Mann (40 Brustkrebserkrankungen im Jahr) die Behandlung anders erlebt und auch Krebs spezifische Therapien bekommt.<br>Ich habe f\u00fcr mich die Schreibtherapie gefunden. Hier kann ich meine Gedanken und mein Erleben niederschreiben. Mit mir tun das sehr viele andere auch. So sind in der Zeit in der ich hier in diesem Blog schreibe bestimmt 5 neue B\u00fccher von Cancerschwestern auf den Markt gekommen. Ich glaube nicht, dass \u00fcber eine andere Krankheit so viel geschrieben wird, wie \u00fcber den Krebs. Krebs ist immer noch DAS Schreckensgespenst von Krankheit das gleich mit grossen Schmerzen und Tod in Verbindung gebracht wird.<br>Ich bin unendlich dankbar, dass wir heute die M\u00f6glichkeit haben dieser bedrohlichen Krankheit die Stirn zu bieten.<br>Und jetzt wo ein paar Wochen seit der letzen Chemo verstrichen sind, verblassen auch all die m\u00fchsamen Erinnerungen, die mich an den Rand meiner Kr\u00e4fte gebracht haben. Zur\u00fcckgeblieben sind die M\u00fcdigkeit, die Neuropatien (Gef\u00fchlslosigkeit) der F\u00fcsse und ganz leicht in den Fingerspitzen. Die Haare beginnen wieder zu wachsen. Zwar noch zaghaft, aber sie kommen.<\/p>\n\n\n\n<p class=\"wp-block-paragraph\">Eigentlich hatte ich mit einer l\u00e4ngeren Pause von Infusionen, Untersuchungen und Blutentnahmen gerechnet. Doch mein Brummb\u00e4r hat mir eine kleine Magen-Darm-Grippe vermacht, das hiess f\u00fcr mich wieder Arztbesuch und Blut geben. Dann ein paar Tage sp\u00e4ter die Besprechung bei der Radiologin wegen der Bestrahlung im Januar. Also wieder Untersuchung. Und bei dieser Besprechung kam auch erneut der Befund vom letzten CT zur Sprache. Laut Radiologin ist es nicht so sicher, dass der Knoten unter meiner Schulter &#8222;nur&#8220; etwas von der OP her ist. Also muss ich am 29. Dezember noch einmal ein CT machen lassen um zu sehen, ob das Ding immer noch da ist. So ein Mist.<br>Aber eine kleine Chance habe ich noch, dass im 2015 nichts schlimmes mehr nachkommt. Darum hoffe ich ganz fest, dass das Ding sich einfach verfl\u00fcchtigt hat. Hab ja dem Schalentier immerhin 6 mal heftig in den Hintern getreten.<\/p>\n\n\n\n<p class=\"wp-block-paragraph\">F\u00fcr den Moment jedenfalls erfreue ich mich einfach an den Festtagen. Mit sehr harmonischem Familienfest gestern im Kreise meiner Mutter und meiner Schwestern mit sehr viel Lachen und gem\u00fctlichem Beisammensein.<\/p>\n\n\n\n<p class=\"wp-block-paragraph\">Und dir lieber Leser danke ich, dass du mich begleitest und w\u00fcnsche auch f\u00fcr dich und deine Famile Alles Liebe und Gute im neuen Jahr.<\/p>\n\n\n\n<figure class=\"wp-block-image size-full is-resized\"><img loading=\"lazy\" decoding=\"async\" width=\"600\" height=\"645\" src=\"https:\/\/pywi.ch\/wp-content\/uploads\/2025\/04\/kap21-2.jpg\" alt=\"\" class=\"wp-image-289\" style=\"width:362px;height:auto\" srcset=\"https:\/\/pywi.ch\/wp-content\/uploads\/2025\/04\/kap21-2.jpg 600w, https:\/\/pywi.ch\/wp-content\/uploads\/2025\/04\/kap21-2-279x300.jpg 279w\" sizes=\"auto, (max-width: 600px) 100vw, 600px\" \/><\/figure>\n\n\n\n<p class=\"wp-block-paragraph\">Und ja, diese beiden, Samichlaus und Frau, habe ich selbst modeliert. Idee irgendwo aus dem Netz vor l\u00e4ngerer Zeit und dann aus dem Kopf nachmodeliert.<\/p>\n\n\n\n\n","protected":false},"excerpt":{"rendered":"<p>Ver\u00f6ffentlicht: Donnerstag, 25. Dezember 2014 12:24 5500 neue Brustkrebs Erkrankungen pro Jahr allein in der Schweiz. Das ist eine ganze [&hellip;]<\/p>\n","protected":false},"author":2,"featured_media":0,"comment_status":"closed","ping_status":"open","sticky":false,"template":"","format":"standard","meta":{"site-sidebar-layout":"default","site-content-layout":"","ast-site-content-layout":"default","site-content-style":"default","site-sidebar-style":"default","ast-global-header-display":"","ast-banner-title-visibility":"","ast-main-header-display":"","ast-hfb-above-header-display":"","ast-hfb-below-header-display":"","ast-hfb-mobile-header-display":"","site-post-title":"","ast-breadcrumbs-content":"","ast-featured-img":"","footer-sml-layout":"","ast-disable-related-posts":"","theme-transparent-header-meta":"","adv-header-id-meta":"","stick-header-meta":"","header-above-stick-meta":"","header-main-stick-meta":"","header-below-stick-meta":"","astra-migrate-meta-layouts":"default","ast-page-background-enabled":"default","ast-page-background-meta":{"desktop":{"background-color":"var(--ast-global-color-5)","background-image":"","background-repeat":"repeat","background-position":"center center","background-size":"auto","background-attachment":"scroll","background-type":"","background-media":"","overlay-type":"","overlay-color":"","overlay-opacity":"","overlay-gradient":""},"tablet":{"background-color":"","background-image":"","background-repeat":"repeat","background-position":"center center","background-size":"auto","background-attachment":"scroll","background-type":"","background-media":"","overlay-type":"","overlay-color":"","overlay-opacity":"","overlay-gradient":""},"mobile":{"background-color":"","background-image":"","background-repeat":"repeat","background-position":"center center","background-size":"auto","background-attachment":"scroll","background-type":"","background-media":"","overlay-type":"","overlay-color":"","overlay-opacity":"","overlay-gradient":""}},"ast-content-background-meta":{"desktop":{"background-color":"var(--ast-global-color-4)","background-image":"","background-repeat":"repeat","background-position":"center center","background-size":"auto","background-attachment":"scroll","background-type":"","background-media":"","overlay-type":"","overlay-color":"","overlay-opacity":"","overlay-gradient":""},"tablet":{"background-color":"var(--ast-global-color-4)","background-image":"","background-repeat":"repeat","background-position":"center center","background-size":"auto","background-attachment":"scroll","background-type":"","background-media":"","overlay-type":"","overlay-color":"","overlay-opacity":"","overlay-gradient":""},"mobile":{"background-color":"var(--ast-global-color-4)","background-image":"","background-repeat":"repeat","background-position":"center center","background-size":"auto","background-attachment":"scroll","background-type":"","background-media":"","overlay-type":"","overlay-color":"","overlay-opacity":"","overlay-gradient":""}},"footnotes":""},"categories":[7],"tags":[],"class_list":["post-288","post","type-post","status-publish","format-standard","hentry","category-die-rosa-schleife"],"_links":{"self":[{"href":"https:\/\/pywi.ch\/index.php\/wp-json\/wp\/v2\/posts\/288","targetHints":{"allow":["GET"]}}],"collection":[{"href":"https:\/\/pywi.ch\/index.php\/wp-json\/wp\/v2\/posts"}],"about":[{"href":"https:\/\/pywi.ch\/index.php\/wp-json\/wp\/v2\/types\/post"}],"author":[{"embeddable":true,"href":"https:\/\/pywi.ch\/index.php\/wp-json\/wp\/v2\/users\/2"}],"replies":[{"embeddable":true,"href":"https:\/\/pywi.ch\/index.php\/wp-json\/wp\/v2\/comments?post=288"}],"version-history":[{"count":2,"href":"https:\/\/pywi.ch\/index.php\/wp-json\/wp\/v2\/posts\/288\/revisions"}],"predecessor-version":[{"id":359,"href":"https:\/\/pywi.ch\/index.php\/wp-json\/wp\/v2\/posts\/288\/revisions\/359"}],"wp:attachment":[{"href":"https:\/\/pywi.ch\/index.php\/wp-json\/wp\/v2\/media?parent=288"}],"wp:term":[{"taxonomy":"category","embeddable":true,"href":"https:\/\/pywi.ch\/index.php\/wp-json\/wp\/v2\/categories?post=288"},{"taxonomy":"post_tag","embeddable":true,"href":"https:\/\/pywi.ch\/index.php\/wp-json\/wp\/v2\/tags?post=288"}],"curies":[{"name":"wp","href":"https:\/\/api.w.org\/{rel}","templated":true}]}}