{"id":282,"date":"2025-04-24T18:16:02","date_gmt":"2025-04-24T18:16:02","guid":{"rendered":"https:\/\/pywi.ch\/?p=282"},"modified":"2025-04-24T20:40:56","modified_gmt":"2025-04-24T20:40:56","slug":"der-tag-vor-der-letzten-chemo","status":"publish","type":"post","link":"https:\/\/pywi.ch\/index.php\/2025\/04\/24\/der-tag-vor-der-letzten-chemo\/","title":{"rendered":"Der Tag vor der letzten Chemo"},"content":{"rendered":"\n<p class=\"wp-block-paragraph\">Ver\u00f6ffentlicht: Mittwoch, 19. November 2014 20:20<\/p>\n\n\n\n<p class=\"wp-block-paragraph\"><br>Eigentlich sollte ich froh sein, dass mir morgen meine letzte Chemo reingepumpt wird. Doch der Besuch beim Chirurgen hat doch ein bisschen das Kopfkino angekurbelt. Zum Gl\u00fcck war Brummb\u00e4r nicht dabei, denn der hat immer gleich grosse Angst.<br>Also ich heute hin zum Spital und dann gleich mal zehn Minuten einen Parkplatz gesucht. Na das fing ja gut an. Ziemlich verschwitzt kam ich dann oben bei der Sprechstunde des Chirurgen an und zog als erstes mal die M\u00fctze aus. Meine fast nackte Murmel war pitschenass und ich fuhr mir mit der Hand dar\u00fcber. Genau in dem Moment kam der Arzt und wollte mir die Hand reichen. Huii, das h\u00e4tte wohl gesaftet. <em>grins<\/em>.<br>Hab ihm dann die linke Hand gegeben. <em>zwinker<\/em><\/p>\n\n\n\n<p class=\"wp-block-paragraph\">Daf\u00fcr musste ich dann gar nicht lange warten. Die Besprechung f\u00fcr die morgige OP fing ganz so an, wie ich es erwartet hatte. Aber als der Chirurg mir dann noch Plan B und C erkl\u00e4rte, wurde es mir doch etwas mulmig und startete bei mir das Kopfkino. Nicht sofort aber sp\u00e4ter dann im Auto und zu Hause kamen dann doch so der eine oder andere Gedanke.<\/p>\n\n\n\n<p class=\"wp-block-paragraph\">Da das Flicken eines Portes etwas komplizierter ist als das Neueinsetzen h\u00e4tte ich nicht gedacht. Bisher war ich ja bei allem immer vom Positivsten ausgegangen und es war dann immer Negativ. Darum denke ich gerade ein bisschen um die Kurven. Wie sagt Cherry so sch\u00f6n?: Der Popo ist mir auf Grundeis gegangen.<br>Mir auch und schon kommt der Gedanke, ob ich f\u00fcr Brummb\u00e4r und meine Tochter noch einen Brief schreiben soll, wenn denn alles daneben\u2026.<\/p>\n\n\n\n<p class=\"wp-block-paragraph\">N\u00f6\u00f6\u00f6 nein, nein!, es geht alles Gut. Ich werde morgen abend quitschfidel und angeflasht vom Chemococktail auf meinem Sofa rumfl\u00e4tzen und meinen Brummb\u00e4r und die Hundis und die Katzis kraulen. Und werde meinem Brummb\u00e4r dann direkt sagen, wie sehr ich ihn liebe und wie sehr ich sein &#8222;Bemuttern&#8220; sch\u00e4tze und er einfach der Beste ist! Und mit meiner Tochter werde ich dann morgen telefonieren und ihr da auch selber sagen, wie stolz ich auf sie bin, dass sie ihren Master sicher perfekt abliefern wird und ich sie ganz fest liebe.<\/p>\n\n\n\n<p class=\"wp-block-paragraph\">Dieses Kopfkino ist echt Scheibenkleister!<\/p>\n\n\n\n<p class=\"wp-block-paragraph\">Hab dann zum Gl\u00fcck noch ein bisschen f\u00fcr die Chemotanten und -schwestern gebastelt, zur Feier meiner letzen Chemo. Das ist echt Therapie f\u00fcr mich. Wenn ich an meinem Fimo rumdr\u00fccke und knete und modeliere, dann schweben meine geistigen Kreativlinge in h\u00f6here Ebenen und planen schon die n\u00e4chsten Ideen und wie ich die umsetzen k\u00f6nnte. Noch etwas Musik dazu oder ein H\u00f6rbuch und ich drifte ab in andere Welten. Also ich kann allen nur empfehlen, legt euch ein Hobby zu, schaltet das Kopfkino aus und geniesst einfach die H\u00f6henfl\u00fcge dabei. Egal ob das fertige Produkt f\u00fcr die Tonne ist oder gut rauskommt. Werkeln ist etwas vom Sch\u00f6nsten das es gibt.<\/p>\n\n\n\n<figure class=\"wp-block-image size-full is-resized\"><img loading=\"lazy\" decoding=\"async\" width=\"600\" height=\"350\" src=\"https:\/\/pywi.ch\/wp-content\/uploads\/2025\/04\/kap19.jpg\" alt=\"\" class=\"wp-image-283\" style=\"width:475px;height:auto\" srcset=\"https:\/\/pywi.ch\/wp-content\/uploads\/2025\/04\/kap19.jpg 600w, https:\/\/pywi.ch\/wp-content\/uploads\/2025\/04\/kap19-300x175.jpg 300w\" sizes=\"auto, (max-width: 600px) 100vw, 600px\" \/><\/figure>\n\n\n\n<p class=\"wp-block-paragraph\">Und hier noch ein Bildchen von meinem Werkeln der letzten Tage. Viele, viele Schutzengelchen, die die guten Seelen in der Klinik sch\u00fctzen sollen. Und da die ja w\u00e4hrend der OP in meiner Tasche sind, werden die auch alle im OP Saal besch\u00fctzen.<\/p>\n\n\n\n\n","protected":false},"excerpt":{"rendered":"<p>Ver\u00f6ffentlicht: Mittwoch, 19. November 2014 20:20 Eigentlich sollte ich froh sein, dass mir morgen meine letzte Chemo reingepumpt wird. Doch [&hellip;]<\/p>\n","protected":false},"author":2,"featured_media":0,"comment_status":"closed","ping_status":"open","sticky":false,"template":"","format":"standard","meta":{"site-sidebar-layout":"default","site-content-layout":"","ast-site-content-layout":"default","site-content-style":"default","site-sidebar-style":"default","ast-global-header-display":"","ast-banner-title-visibility":"","ast-main-header-display":"","ast-hfb-above-header-display":"","ast-hfb-below-header-display":"","ast-hfb-mobile-header-display":"","site-post-title":"","ast-breadcrumbs-content":"","ast-featured-img":"","footer-sml-layout":"","ast-disable-related-posts":"","theme-transparent-header-meta":"","adv-header-id-meta":"","stick-header-meta":"","header-above-stick-meta":"","header-main-stick-meta":"","header-below-stick-meta":"","astra-migrate-meta-layouts":"default","ast-page-background-enabled":"default","ast-page-background-meta":{"desktop":{"background-color":"var(--ast-global-color-5)","background-image":"","background-repeat":"repeat","background-position":"center center","background-size":"auto","background-attachment":"scroll","background-type":"","background-media":"","overlay-type":"","overlay-color":"","overlay-opacity":"","overlay-gradient":""},"tablet":{"background-color":"","background-image":"","background-repeat":"repeat","background-position":"center center","background-size":"auto","background-attachment":"scroll","background-type":"","background-media":"","overlay-type":"","overlay-color":"","overlay-opacity":"","overlay-gradient":""},"mobile":{"background-color":"","background-image":"","background-repeat":"repeat","background-position":"center center","background-size":"auto","background-attachment":"scroll","background-type":"","background-media":"","overlay-type":"","overlay-color":"","overlay-opacity":"","overlay-gradient":""}},"ast-content-background-meta":{"desktop":{"background-color":"var(--ast-global-color-4)","background-image":"","background-repeat":"repeat","background-position":"center center","background-size":"auto","background-attachment":"scroll","background-type":"","background-media":"","overlay-type":"","overlay-color":"","overlay-opacity":"","overlay-gradient":""},"tablet":{"background-color":"var(--ast-global-color-4)","background-image":"","background-repeat":"repeat","background-position":"center center","background-size":"auto","background-attachment":"scroll","background-type":"","background-media":"","overlay-type":"","overlay-color":"","overlay-opacity":"","overlay-gradient":""},"mobile":{"background-color":"var(--ast-global-color-4)","background-image":"","background-repeat":"repeat","background-position":"center center","background-size":"auto","background-attachment":"scroll","background-type":"","background-media":"","overlay-type":"","overlay-color":"","overlay-opacity":"","overlay-gradient":""}},"footnotes":""},"categories":[7],"tags":[],"class_list":["post-282","post","type-post","status-publish","format-standard","hentry","category-die-rosa-schleife"],"_links":{"self":[{"href":"https:\/\/pywi.ch\/index.php\/wp-json\/wp\/v2\/posts\/282","targetHints":{"allow":["GET"]}}],"collection":[{"href":"https:\/\/pywi.ch\/index.php\/wp-json\/wp\/v2\/posts"}],"about":[{"href":"https:\/\/pywi.ch\/index.php\/wp-json\/wp\/v2\/types\/post"}],"author":[{"embeddable":true,"href":"https:\/\/pywi.ch\/index.php\/wp-json\/wp\/v2\/users\/2"}],"replies":[{"embeddable":true,"href":"https:\/\/pywi.ch\/index.php\/wp-json\/wp\/v2\/comments?post=282"}],"version-history":[{"count":2,"href":"https:\/\/pywi.ch\/index.php\/wp-json\/wp\/v2\/posts\/282\/revisions"}],"predecessor-version":[{"id":361,"href":"https:\/\/pywi.ch\/index.php\/wp-json\/wp\/v2\/posts\/282\/revisions\/361"}],"wp:attachment":[{"href":"https:\/\/pywi.ch\/index.php\/wp-json\/wp\/v2\/media?parent=282"}],"wp:term":[{"taxonomy":"category","embeddable":true,"href":"https:\/\/pywi.ch\/index.php\/wp-json\/wp\/v2\/categories?post=282"},{"taxonomy":"post_tag","embeddable":true,"href":"https:\/\/pywi.ch\/index.php\/wp-json\/wp\/v2\/tags?post=282"}],"curies":[{"name":"wp","href":"https:\/\/api.w.org\/{rel}","templated":true}]}}