{"id":269,"date":"2025-04-24T17:43:06","date_gmt":"2025-04-24T17:43:06","guid":{"rendered":"https:\/\/pywi.ch\/?p=269"},"modified":"2025-04-24T20:31:54","modified_gmt":"2025-04-24T20:31:54","slug":"pinker-oktober","status":"publish","type":"post","link":"https:\/\/pywi.ch\/index.php\/2025\/04\/24\/pinker-oktober\/","title":{"rendered":"Pinker Oktober"},"content":{"rendered":"\n<p class=\"wp-block-paragraph\">Ver\u00f6ffentlicht Oktober 2015<\/p>\n\n\n\n<p class=\"wp-block-paragraph\">Ja, seit dem 1. Oktober ist der Monat des Brustkrebs. \u00dcberall werden Events organisiert, f\u00fcr Solidarit\u00e4t geworben und Vortr\u00e4ge gehalten. Auch ich wollte etwas zum pinken Oktober beitragen und habe f\u00fcr mein Onkologieteam ein bisschen unter dem Motto &#8222;Pink Ribbon&#8220; gebastelt: Die Freude war gross und es hat total Spass gemacht.<\/p>\n\n\n\n<figure class=\"wp-block-image size-full\"><img loading=\"lazy\" decoding=\"async\" width=\"600\" height=\"355\" src=\"https:\/\/pywi.ch\/wp-content\/uploads\/2025\/04\/kap15-2.jpg\" alt=\"\" class=\"wp-image-270\" srcset=\"https:\/\/pywi.ch\/wp-content\/uploads\/2025\/04\/kap15-2.jpg 600w, https:\/\/pywi.ch\/wp-content\/uploads\/2025\/04\/kap15-2-300x178.jpg 300w\" sizes=\"auto, (max-width: 600px) 100vw, 600px\" \/><\/figure>\n\n\n\n<p class=\"wp-block-paragraph\">Irgendwie ist es seltsam, als ich schwanger wurde, liefen \u00fcberall schwangere Frauen rum, \u00fcberall war Kinderkriegen das Haupttema in den Zeitungen. Und jetzt lese ich \u00fcberall \u00fcber das Thema, das mein Leben genauso auf den Kopf stellt, wie damals. Nur dass die Schwangerschaft ein viel netteres Thema war. Und ich bin sooooo wahnsinnig stolz auf meine heute erwachsene Tochter. Jetzt muss ich nur noch lernen, auch auf mich stolz zu sein, dass ich diese Herausforderung die mir das Schalentier stellt, einigermassen gut hinter mich bringe. Ist manchmal gar nicht so einfach, wenn man am liebsten vor sicher selber, oder sagen wir mal vor seinem eigenen K\u00f6rper davonlaufen m\u00f6chte. Auch wenn ich sage ich k\u00e4mpfe, so ist das nicht wirklich ein K\u00e4mpfen, sondern eher ein ausharren und ein durchstehen.<\/p>\n\n\n\n<p class=\"wp-block-paragraph\">Den richtigen Kampf habe ich weniger mit der Krankheit, sondern mit mir selber, mit dem Kopfkino. Ein Zipperlein hier, ein Zipperlein da und schon denkt man, dass sich da vielleicht irgendwo eine Metastase grinsend hinter einem Fettkl\u00fcmpchen versteckt und von der Giftbr\u00fche \u00fcbersehen wird. Solche Gedanken kommen dann meist in schlaflosen N\u00e4chten, wo man gerade Niemanden zur Hand hat um das zu besprechen, oder wegen sowas den Partner sicher nicht weckt. Dieses Ungewisse, ob man alles richtig macht, ob man sich f\u00fcr die richtige Therapie entschieden hat, ob man\u2026<br>\u2026 und schon dreht sich das Kopfkino wieder.<\/p>\n\n\n\n\n","protected":false},"excerpt":{"rendered":"<p>Ver\u00f6ffentlicht Oktober 2015 Ja, seit dem 1. Oktober ist der Monat des Brustkrebs. \u00dcberall werden Events organisiert, f\u00fcr Solidarit\u00e4t geworben [&hellip;]<\/p>\n","protected":false},"author":2,"featured_media":0,"comment_status":"closed","ping_status":"open","sticky":false,"template":"","format":"standard","meta":{"site-sidebar-layout":"default","site-content-layout":"","ast-site-content-layout":"default","site-content-style":"default","site-sidebar-style":"default","ast-global-header-display":"","ast-banner-title-visibility":"","ast-main-header-display":"","ast-hfb-above-header-display":"","ast-hfb-below-header-display":"","ast-hfb-mobile-header-display":"","site-post-title":"","ast-breadcrumbs-content":"","ast-featured-img":"","footer-sml-layout":"","ast-disable-related-posts":"","theme-transparent-header-meta":"","adv-header-id-meta":"","stick-header-meta":"","header-above-stick-meta":"","header-main-stick-meta":"","header-below-stick-meta":"","astra-migrate-meta-layouts":"default","ast-page-background-enabled":"default","ast-page-background-meta":{"desktop":{"background-color":"var(--ast-global-color-5)","background-image":"","background-repeat":"repeat","background-position":"center center","background-size":"auto","background-attachment":"scroll","background-type":"","background-media":"","overlay-type":"","overlay-color":"","overlay-opacity":"","overlay-gradient":""},"tablet":{"background-color":"","background-image":"","background-repeat":"repeat","background-position":"center center","background-size":"auto","background-attachment":"scroll","background-type":"","background-media":"","overlay-type":"","overlay-color":"","overlay-opacity":"","overlay-gradient":""},"mobile":{"background-color":"","background-image":"","background-repeat":"repeat","background-position":"center center","background-size":"auto","background-attachment":"scroll","background-type":"","background-media":"","overlay-type":"","overlay-color":"","overlay-opacity":"","overlay-gradient":""}},"ast-content-background-meta":{"desktop":{"background-color":"var(--ast-global-color-4)","background-image":"","background-repeat":"repeat","background-position":"center center","background-size":"auto","background-attachment":"scroll","background-type":"","background-media":"","overlay-type":"","overlay-color":"","overlay-opacity":"","overlay-gradient":""},"tablet":{"background-color":"var(--ast-global-color-4)","background-image":"","background-repeat":"repeat","background-position":"center center","background-size":"auto","background-attachment":"scroll","background-type":"","background-media":"","overlay-type":"","overlay-color":"","overlay-opacity":"","overlay-gradient":""},"mobile":{"background-color":"var(--ast-global-color-4)","background-image":"","background-repeat":"repeat","background-position":"center center","background-size":"auto","background-attachment":"scroll","background-type":"","background-media":"","overlay-type":"","overlay-color":"","overlay-opacity":"","overlay-gradient":""}},"footnotes":""},"categories":[7],"tags":[],"class_list":["post-269","post","type-post","status-publish","format-standard","hentry","category-die-rosa-schleife"],"_links":{"self":[{"href":"https:\/\/pywi.ch\/index.php\/wp-json\/wp\/v2\/posts\/269","targetHints":{"allow":["GET"]}}],"collection":[{"href":"https:\/\/pywi.ch\/index.php\/wp-json\/wp\/v2\/posts"}],"about":[{"href":"https:\/\/pywi.ch\/index.php\/wp-json\/wp\/v2\/types\/post"}],"author":[{"embeddable":true,"href":"https:\/\/pywi.ch\/index.php\/wp-json\/wp\/v2\/users\/2"}],"replies":[{"embeddable":true,"href":"https:\/\/pywi.ch\/index.php\/wp-json\/wp\/v2\/comments?post=269"}],"version-history":[{"count":2,"href":"https:\/\/pywi.ch\/index.php\/wp-json\/wp\/v2\/posts\/269\/revisions"}],"predecessor-version":[{"id":345,"href":"https:\/\/pywi.ch\/index.php\/wp-json\/wp\/v2\/posts\/269\/revisions\/345"}],"wp:attachment":[{"href":"https:\/\/pywi.ch\/index.php\/wp-json\/wp\/v2\/media?parent=269"}],"wp:term":[{"taxonomy":"category","embeddable":true,"href":"https:\/\/pywi.ch\/index.php\/wp-json\/wp\/v2\/categories?post=269"},{"taxonomy":"post_tag","embeddable":true,"href":"https:\/\/pywi.ch\/index.php\/wp-json\/wp\/v2\/tags?post=269"}],"curies":[{"name":"wp","href":"https:\/\/api.w.org\/{rel}","templated":true}]}}