{"id":260,"date":"2025-04-24T16:43:12","date_gmt":"2025-04-24T16:43:12","guid":{"rendered":"https:\/\/pywi.ch\/?p=260"},"modified":"2025-04-24T20:29:29","modified_gmt":"2025-04-24T20:29:29","slug":"chemoblues","status":"publish","type":"post","link":"https:\/\/pywi.ch\/index.php\/2025\/04\/24\/chemoblues\/","title":{"rendered":"Chemoblues"},"content":{"rendered":"\n<p class=\"wp-block-paragraph\">Ver\u00f6ffentlicht: Freitag, 19. September 2014 05:48<\/p>\n\n\n\n<p class=\"wp-block-paragraph\"><br>Ja, auch bei mir gibt es ab und zu den Chemoblues. Nicht oft, aber meistens so kurz vor der grossen Chemo. Es ist nicht wie wenn man zum Zahnarzt geht, denn da ist es meist nach der Behandlung \u00fcberstanden.<br>Aber bei der Chemo weiss ich, dass es nach ein paar Tagen erst so richtig einf\u00e4hrt. Dieses sich am ganzen K\u00f6rper nicht wohlf\u00fchlen, der grausliche Geschmack im Mund ist einfach schrecklich. Zu allem \u00dcbel scheint jetzt die Fibromyalgie das Gef\u00fchl zu haben, sie m\u00fcsse sich doch auch wieder einmal melden. Das ist zwar doof und schmerzhaft, aber diese Krankheit lehrt mich schon seit Jahren zur\u00fcck zu stecken. Und so ertrage ich dann die Nebenwirkungen der Giftsauce in meinem K\u00f6rper mit oftmals stoischer Ruhe. Geht ja nicht anders, wenn man einfach aufs Sofa geknallt wird und vor lauter M\u00fcdigkeit kaum mehr raus kommt. Vielleicht ist aber auch das der Grund, dass meine Fibro sich bisher von ihrer lieben Seite gezeigt hat. Nun, letzte Woche habe ich doch schon wieder etwas mehr gemacht und mein Fibr\u00f6chen hat das gleich krumm genommen.<\/p>\n\n\n\n<p class=\"wp-block-paragraph\">Aber gucken wir doch mal, was positives zu berichten ist:<\/p>\n\n\n\n<p class=\"wp-block-paragraph\">Cherry, meine liebe Pinke K\u00e4mpferkirsche hat mich via Chat wieder total aufgestellt. Ich liebe diese Frau, die hat so Power und steckt alle damit an. An dieser Stelle einen riesigen Knuddler an dich Einh\u00f6rnchen. <em>zwinker<\/em><\/p>\n\n\n\n<p class=\"wp-block-paragraph\">Ja und dann ist nat\u00fcrlich auch zu berichten, dass mein lieber Brummb\u00e4r mich wunderbar betreut und mir das schlechte Gewissen ausredet, wenn ich auf dem Sofa liege und er vor dem B\u00fcgelbrett steht. Weisst du, wie das f\u00fcr mich doof ist? M\u00f6chte helfen und kann nicht. Ok, manchmal beschmeisst er mich mit den Socken und ich sortiere dann.<\/p>\n\n\n\n<p class=\"wp-block-paragraph\">Meine Verwandten melden sich auch oft, kommen vorbei und helfen mir. Das ist auch eine Wohltat. Und ich habe zum Gl\u00fcck auch noch meinen Putzprinz. Ein junger Mann der mir schon vor meiner Brustkrebserkrankung wegen der Fibro hilft meinen Haushalt zu meistern. Ohne ihn w\u00fcrden wir in Wollbergen von Tierhaaren leben. Mit Arthrose im R\u00fccken f\u00e4llt das Staubsaugen und Fegen (in Deutschland Wischen <em>grins<\/em>) halt \u00e4usserst schmerzhaft aus. Und so wuselt mein Facility-Manager mit dem Sauger durchs Haus und l\u00e4sst es duften und gl\u00e4nzen. Soll einer noch sagen, dass M\u00e4nner nicht putzen k\u00f6nnen. Er ist fantastisch!<\/p>\n\n\n\n<p class=\"wp-block-paragraph\">Und dann sind da nat\u00fcrlich auch noch meine Tiere, die mich immer wieder zum Lachen bringen oder zwingen doch ein bisschen mit Ihnen in den Garten zu gehen. Vor allem die Hunde wollen da schnuppern und Ballspielen. Die Katzen besuchen mich lieber auf dem Sofa, wo ich sie beschmusen kann. Wobei auch die Hunde gerne zu einer Schmusestunde zu mir aufs Sofa kommen. Ich lerne zu akzeptieren, dass unser Sofa etwas mehr als eine Woche nach der grossen Chemo mein beliebtester Mittelpunkt ist. Warum auch nicht, da hab ich alles, Laptop, Stricksachen, Zeitung, TV\u2026. Nur leider hab ich gerade in dieser Zeit weder auf das Eine noch auf das Andere grosse Lust. Doof gell.<\/p>\n\n\n\n<p class=\"wp-block-paragraph\">Und in solchen Momenten denke ich dann an all die Frauen, die es nicht so gut haben wie ich. Die zum Beispiel alleinstehend sind, kleine Kinder haben und vielleicht nicht einmal eine Hilfe weit und breit, deren Partner m\u00f6glicherweise mit dem Ganzen nix zu tun haben wollen oder k\u00f6nnen. Die mit dem Scheisskrebs allein dastehen, ohne ein soziales Umfeld, ohne Freunde. Da werde ich ganz kleinlaut und denke, dass ich doch auf sehr hohem Niveau jammere, wenn ich vor der grossen Chemo meinen Blues habe.<\/p>\n\n\n\n<figure class=\"wp-block-image size-full\"><img loading=\"lazy\" decoding=\"async\" width=\"238\" height=\"400\" src=\"https:\/\/pywi.ch\/wp-content\/uploads\/2025\/04\/kap14-1.jpg\" alt=\"\" class=\"wp-image-261\" srcset=\"https:\/\/pywi.ch\/wp-content\/uploads\/2025\/04\/kap14-1.jpg 238w, https:\/\/pywi.ch\/wp-content\/uploads\/2025\/04\/kap14-1-179x300.jpg 179w\" sizes=\"auto, (max-width: 238px) 100vw, 238px\" \/><\/figure>\n\n\n\n<p class=\"wp-block-paragraph\">Ich weiss, ich werde wieder gesund, werde wieder Basteln, Putzen und lange mit den Hunden laufen gehen k\u00f6nnen. Werde auch ICH wieder mal meinen Brummb\u00e4r verw\u00f6hnen und meine Verwandten besuchen gehen k\u00f6nnen. Und gerade darum lohnt es sich doch diese paar Wochen durch zu halten. &#8222;Think positiv&#8220;. Kr\u00f6nchen richten, Arschloch denken, weitermachen. Yess Baby!<\/p>\n\n\n\n<figure class=\"wp-block-image size-full is-resized\"><img loading=\"lazy\" decoding=\"async\" width=\"400\" height=\"533\" src=\"https:\/\/pywi.ch\/wp-content\/uploads\/2025\/04\/kap14-2.jpg\" alt=\"\" class=\"wp-image-262\" style=\"width:303px;height:auto\" srcset=\"https:\/\/pywi.ch\/wp-content\/uploads\/2025\/04\/kap14-2.jpg 400w, https:\/\/pywi.ch\/wp-content\/uploads\/2025\/04\/kap14-2-225x300.jpg 225w\" sizes=\"auto, (max-width: 400px) 100vw, 400px\" \/><\/figure>\n\n\n\n<figure class=\"wp-block-image size-full is-resized\"><img loading=\"lazy\" decoding=\"async\" width=\"400\" height=\"600\" src=\"https:\/\/pywi.ch\/wp-content\/uploads\/2025\/04\/kap14-3.jpg\" alt=\"\" class=\"wp-image-263\" style=\"width:303px;height:auto\" srcset=\"https:\/\/pywi.ch\/wp-content\/uploads\/2025\/04\/kap14-3.jpg 400w, https:\/\/pywi.ch\/wp-content\/uploads\/2025\/04\/kap14-3-200x300.jpg 200w\" sizes=\"auto, (max-width: 400px) 100vw, 400px\" \/><\/figure>\n\n\n\n\n","protected":false},"excerpt":{"rendered":"<p>Ver\u00f6ffentlicht: Freitag, 19. September 2014 05:48 Ja, auch bei mir gibt es ab und zu den Chemoblues. Nicht oft, aber [&hellip;]<\/p>\n","protected":false},"author":2,"featured_media":0,"comment_status":"closed","ping_status":"open","sticky":false,"template":"","format":"standard","meta":{"site-sidebar-layout":"default","site-content-layout":"","ast-site-content-layout":"default","site-content-style":"default","site-sidebar-style":"default","ast-global-header-display":"","ast-banner-title-visibility":"","ast-main-header-display":"","ast-hfb-above-header-display":"","ast-hfb-below-header-display":"","ast-hfb-mobile-header-display":"","site-post-title":"","ast-breadcrumbs-content":"","ast-featured-img":"","footer-sml-layout":"","ast-disable-related-posts":"","theme-transparent-header-meta":"","adv-header-id-meta":"","stick-header-meta":"","header-above-stick-meta":"","header-main-stick-meta":"","header-below-stick-meta":"","astra-migrate-meta-layouts":"default","ast-page-background-enabled":"default","ast-page-background-meta":{"desktop":{"background-color":"var(--ast-global-color-5)","background-image":"","background-repeat":"repeat","background-position":"center center","background-size":"auto","background-attachment":"scroll","background-type":"","background-media":"","overlay-type":"","overlay-color":"","overlay-opacity":"","overlay-gradient":""},"tablet":{"background-color":"","background-image":"","background-repeat":"repeat","background-position":"center center","background-size":"auto","background-attachment":"scroll","background-type":"","background-media":"","overlay-type":"","overlay-color":"","overlay-opacity":"","overlay-gradient":""},"mobile":{"background-color":"","background-image":"","background-repeat":"repeat","background-position":"center center","background-size":"auto","background-attachment":"scroll","background-type":"","background-media":"","overlay-type":"","overlay-color":"","overlay-opacity":"","overlay-gradient":""}},"ast-content-background-meta":{"desktop":{"background-color":"var(--ast-global-color-4)","background-image":"","background-repeat":"repeat","background-position":"center center","background-size":"auto","background-attachment":"scroll","background-type":"","background-media":"","overlay-type":"","overlay-color":"","overlay-opacity":"","overlay-gradient":""},"tablet":{"background-color":"var(--ast-global-color-4)","background-image":"","background-repeat":"repeat","background-position":"center center","background-size":"auto","background-attachment":"scroll","background-type":"","background-media":"","overlay-type":"","overlay-color":"","overlay-opacity":"","overlay-gradient":""},"mobile":{"background-color":"var(--ast-global-color-4)","background-image":"","background-repeat":"repeat","background-position":"center center","background-size":"auto","background-attachment":"scroll","background-type":"","background-media":"","overlay-type":"","overlay-color":"","overlay-opacity":"","overlay-gradient":""}},"footnotes":""},"categories":[7],"tags":[],"class_list":["post-260","post","type-post","status-publish","format-standard","hentry","category-die-rosa-schleife"],"_links":{"self":[{"href":"https:\/\/pywi.ch\/index.php\/wp-json\/wp\/v2\/posts\/260","targetHints":{"allow":["GET"]}}],"collection":[{"href":"https:\/\/pywi.ch\/index.php\/wp-json\/wp\/v2\/posts"}],"about":[{"href":"https:\/\/pywi.ch\/index.php\/wp-json\/wp\/v2\/types\/post"}],"author":[{"embeddable":true,"href":"https:\/\/pywi.ch\/index.php\/wp-json\/wp\/v2\/users\/2"}],"replies":[{"embeddable":true,"href":"https:\/\/pywi.ch\/index.php\/wp-json\/wp\/v2\/comments?post=260"}],"version-history":[{"count":2,"href":"https:\/\/pywi.ch\/index.php\/wp-json\/wp\/v2\/posts\/260\/revisions"}],"predecessor-version":[{"id":343,"href":"https:\/\/pywi.ch\/index.php\/wp-json\/wp\/v2\/posts\/260\/revisions\/343"}],"wp:attachment":[{"href":"https:\/\/pywi.ch\/index.php\/wp-json\/wp\/v2\/media?parent=260"}],"wp:term":[{"taxonomy":"category","embeddable":true,"href":"https:\/\/pywi.ch\/index.php\/wp-json\/wp\/v2\/categories?post=260"},{"taxonomy":"post_tag","embeddable":true,"href":"https:\/\/pywi.ch\/index.php\/wp-json\/wp\/v2\/tags?post=260"}],"curies":[{"name":"wp","href":"https:\/\/api.w.org\/{rel}","templated":true}]}}