{"id":252,"date":"2025-04-24T16:29:56","date_gmt":"2025-04-24T16:29:56","guid":{"rendered":"https:\/\/pywi.ch\/?p=252"},"modified":"2025-04-24T20:26:35","modified_gmt":"2025-04-24T20:26:35","slug":"grosse-chemo-man-darf-gespannt-sein","status":"publish","type":"post","link":"https:\/\/pywi.ch\/index.php\/2025\/04\/24\/grosse-chemo-man-darf-gespannt-sein\/","title":{"rendered":"Grosse Chemo, man darf gespannt sein."},"content":{"rendered":"\n<p class=\"wp-block-paragraph\">Ver\u00f6ffentlicht: Freitag, 29. August 2014 17:54<\/p>\n\n\n\n<p class=\"wp-block-paragraph\"><br>Heute hatte ich die zweite grosse Chemo mit Herzeptin, Taxother und Carboplatin. Wenn man auf der Wikipedia \u00fcber diese Mittel und deren Nebenwirkungen liest, so kann es einem schon ein bisschen mulmig werden. Aber ich werde sehr engmaschig beobachtet und meine Werte sind alle gut. Das heisst, sie sinken nat\u00fcrlich nach der Chemo, erholen sich aber erstaunlich schnell. Ich weiss einfach, dass ich nach der Chemo ein paar Tage sehr m\u00fcde bin, schmerzhafte Nebenwirkungen wie Knochenschmerzen und Magenkr\u00e4mpfe habe. Jedenfalls war es bei der ersten Chemo so. Trotzdem habe ich mich daf\u00fcr entschieden diese Therapie weiter zu f\u00fchren mit den genau gleichen Mitteln. Wenn dies die optimale Chemo gegen mein Schalentier ist, dann werde ich das mit den bereitgestellten Gegenmitteln, die ich erhalten habe, aushalten.<\/p>\n\n\n\n<p class=\"wp-block-paragraph\">Eine der Nebenwirkungen ist halt auch, dass einem die Haare ausfallen, weil Taxother alle schnellwachsenden Zellen angreift. Und da geh\u00f6ren nebst den Haaren auch alle Finger- und Zehenn\u00e4gel und die Schleimh\u00e4ute dazu. Cherry hatte mal geschrieben, dass sie das Gef\u00fchl habe eine Clob\u00fcrste zwischen den Beinen zu haben. Naja, auch da hat man Schleimh\u00e4ute. Zum Gl\u00fcck habe ich diesbez\u00fcglich &#8222;noch&#8220; keine Beschwerden. F\u00fcr die N\u00e4gel habe ich Nagelh\u00e4rter und Handcreme bekommen, die ich eifrig nutze. Und wegen dem Magenbrennen muss ich vermehrt darauf schauen, was ich esse. Die Narben werden mit Narbensalbe begl\u00fcckt und f\u00fcr den kahlen Sch\u00e4del habe ich diverse M\u00f6glichkeiten mich ein bisschen zu stylen.<br>Letzte Woche sind ja mein Brummb\u00e4r und ich nach Aarau gefahren um meine Per\u00fccke zu holen. Die sieht echt klasse aus und ich habe sie gleich anbehalten. Aber sie juckt auch ein bisschen. Vielleicht weil ich noch Stoppelchen auf dem Kopf habe. An der Seite des Kopfes habe ich schon grosse Pausen im Haarwuchs, das f\u00fchlt sich irgendwie lustig und zugleich doof an. Kann man nicht beschreiben, muss man erleben.<\/p>\n\n\n\n<figure class=\"wp-block-image size-full\"><img loading=\"lazy\" decoding=\"async\" width=\"900\" height=\"500\" src=\"https:\/\/pywi.ch\/wp-content\/uploads\/2025\/04\/kap11-2.jpg\" alt=\"\" class=\"wp-image-253\" srcset=\"https:\/\/pywi.ch\/wp-content\/uploads\/2025\/04\/kap11-2.jpg 900w, https:\/\/pywi.ch\/wp-content\/uploads\/2025\/04\/kap11-2-300x167.jpg 300w, https:\/\/pywi.ch\/wp-content\/uploads\/2025\/04\/kap11-2-768x427.jpg 768w\" sizes=\"auto, (max-width: 900px) 100vw, 900px\" \/><\/figure>\n\n\n\n<p class=\"wp-block-paragraph\"><br>Ich habe mal einiges zusammengetragen, was ich so an Kopfbedeckungen habe und stelle fest, f\u00fcr jedes Wetter und jede Gelegenheit bin ich eingedeckt. Zuhause trage ich meistens die Haare offen, wie auf dem Bildchen 1. Auf Bild 2 trage ich die famose Per\u00fccke. auf dem Bild ganz rechts oben, ist eine Variante der Kopft\u00fccher, wie ich sie trage. Da habe ich nat\u00fcrlich dann auch einige Farben zur Auswahl. Auf dem Bild unten links, trage ich mein Sommerh\u00fctchen mit Fake-Stirnfransen, die ich auch in die anderen H\u00fcte einbauen k\u00f6nnte, da sie ein Klettband haben. Aber beim lange Tragen juckt das ganz heftig. Die anderen Bilder sind glaube ich selbsterkl\u00e4rend. Du siehst, auch mit einer Chemoglatze geht die Welt nicht unter und es macht sogar Spass, dass ich jetzt endlich auch ein Hutgesicht zu haben scheine. Vorher hat mich immer was gest\u00f6rt.<br>Achja und das Duschen darf man nat\u00fcrlich nicht vergessen. Vorher mit Haare waschen, Conditioner und Co. wars doch eine ziemliche Angelegenheit. Heute einmal kurz waschen, Kopf sch\u00fctteln und gut ist. Hach, da spart man doch sch\u00f6n Zeit um sich daf\u00fcr mehr mit dem ganzen K\u00f6rper zu befassen und die diversen Cremes endlich dahin zu bringen wo sie hingeh\u00f6ren und nicht mehr im Badezimmerschr\u00e4nkli zu vergessen. Und ganz ehrlich, dass jetzt auch untenrum keine Haare mehr sind, ist mehr als praktisch. Ja, ich bin k\u00f6rperbewusster geworden. Auch wieder etwas Positives, das sich in meinem Leben ge\u00e4ndert hat.<\/p>\n\n\n\n\n","protected":false},"excerpt":{"rendered":"<p>Ver\u00f6ffentlicht: Freitag, 29. August 2014 17:54 Heute hatte ich die zweite grosse Chemo mit Herzeptin, Taxother und Carboplatin. Wenn man [&hellip;]<\/p>\n","protected":false},"author":2,"featured_media":0,"comment_status":"closed","ping_status":"open","sticky":false,"template":"","format":"standard","meta":{"site-sidebar-layout":"default","site-content-layout":"","ast-site-content-layout":"default","site-content-style":"default","site-sidebar-style":"default","ast-global-header-display":"","ast-banner-title-visibility":"","ast-main-header-display":"","ast-hfb-above-header-display":"","ast-hfb-below-header-display":"","ast-hfb-mobile-header-display":"","site-post-title":"","ast-breadcrumbs-content":"","ast-featured-img":"","footer-sml-layout":"","ast-disable-related-posts":"","theme-transparent-header-meta":"","adv-header-id-meta":"","stick-header-meta":"","header-above-stick-meta":"","header-main-stick-meta":"","header-below-stick-meta":"","astra-migrate-meta-layouts":"default","ast-page-background-enabled":"default","ast-page-background-meta":{"desktop":{"background-color":"var(--ast-global-color-5)","background-image":"","background-repeat":"repeat","background-position":"center center","background-size":"auto","background-attachment":"scroll","background-type":"","background-media":"","overlay-type":"","overlay-color":"","overlay-opacity":"","overlay-gradient":""},"tablet":{"background-color":"","background-image":"","background-repeat":"repeat","background-position":"center center","background-size":"auto","background-attachment":"scroll","background-type":"","background-media":"","overlay-type":"","overlay-color":"","overlay-opacity":"","overlay-gradient":""},"mobile":{"background-color":"","background-image":"","background-repeat":"repeat","background-position":"center center","background-size":"auto","background-attachment":"scroll","background-type":"","background-media":"","overlay-type":"","overlay-color":"","overlay-opacity":"","overlay-gradient":""}},"ast-content-background-meta":{"desktop":{"background-color":"var(--ast-global-color-4)","background-image":"","background-repeat":"repeat","background-position":"center center","background-size":"auto","background-attachment":"scroll","background-type":"","background-media":"","overlay-type":"","overlay-color":"","overlay-opacity":"","overlay-gradient":""},"tablet":{"background-color":"var(--ast-global-color-4)","background-image":"","background-repeat":"repeat","background-position":"center center","background-size":"auto","background-attachment":"scroll","background-type":"","background-media":"","overlay-type":"","overlay-color":"","overlay-opacity":"","overlay-gradient":""},"mobile":{"background-color":"var(--ast-global-color-4)","background-image":"","background-repeat":"repeat","background-position":"center center","background-size":"auto","background-attachment":"scroll","background-type":"","background-media":"","overlay-type":"","overlay-color":"","overlay-opacity":"","overlay-gradient":""}},"footnotes":""},"categories":[7],"tags":[],"class_list":["post-252","post","type-post","status-publish","format-standard","hentry","category-die-rosa-schleife"],"_links":{"self":[{"href":"https:\/\/pywi.ch\/index.php\/wp-json\/wp\/v2\/posts\/252","targetHints":{"allow":["GET"]}}],"collection":[{"href":"https:\/\/pywi.ch\/index.php\/wp-json\/wp\/v2\/posts"}],"about":[{"href":"https:\/\/pywi.ch\/index.php\/wp-json\/wp\/v2\/types\/post"}],"author":[{"embeddable":true,"href":"https:\/\/pywi.ch\/index.php\/wp-json\/wp\/v2\/users\/2"}],"replies":[{"embeddable":true,"href":"https:\/\/pywi.ch\/index.php\/wp-json\/wp\/v2\/comments?post=252"}],"version-history":[{"count":2,"href":"https:\/\/pywi.ch\/index.php\/wp-json\/wp\/v2\/posts\/252\/revisions"}],"predecessor-version":[{"id":340,"href":"https:\/\/pywi.ch\/index.php\/wp-json\/wp\/v2\/posts\/252\/revisions\/340"}],"wp:attachment":[{"href":"https:\/\/pywi.ch\/index.php\/wp-json\/wp\/v2\/media?parent=252"}],"wp:term":[{"taxonomy":"category","embeddable":true,"href":"https:\/\/pywi.ch\/index.php\/wp-json\/wp\/v2\/categories?post=252"},{"taxonomy":"post_tag","embeddable":true,"href":"https:\/\/pywi.ch\/index.php\/wp-json\/wp\/v2\/tags?post=252"}],"curies":[{"name":"wp","href":"https:\/\/api.w.org\/{rel}","templated":true}]}}