{"id":249,"date":"2025-04-24T16:25:03","date_gmt":"2025-04-24T16:25:03","guid":{"rendered":"https:\/\/pywi.ch\/?p=249"},"modified":"2025-04-24T20:25:42","modified_gmt":"2025-04-24T20:25:42","slug":"es-ist-soweit","status":"publish","type":"post","link":"https:\/\/pywi.ch\/index.php\/2025\/04\/24\/es-ist-soweit\/","title":{"rendered":"Es ist soweit"},"content":{"rendered":"\n<p class=\"wp-block-paragraph\">Ver\u00f6ffentlicht: Mittwoch, 20. August 2014 18:57<\/p>\n\n\n\n<p class=\"wp-block-paragraph\"><br>Nun ist es soweit. Heute morgen sind mir die Haare gleich b\u00fcschelweise ausgefallen. Komisches Gef\u00fchl, jedesmal wenn ich mit den H\u00e4nden durcht meine Haare fuhr, blieben diese direkt in der Hand h\u00e4ngen. Die Kopfhaut juckte und so habe ich entschieden die Lockenpracht abzuschneiden. Radikal.<br>Nein, es war weder ein Schock noch ist es mir schwer gefallen. Aber ein bisschen schlucken musste ich dennoch.  Ich wusste ja, dass das kommen wird und hatte mich schon l\u00e4ngst damit auseinander gesetzt. Abgesehen davon ist der Haarverlust echt das kleinste Problem mit dem ich und meine Seele zu k\u00e4mpfen haben.<\/p>\n\n\n\n<p class=\"wp-block-paragraph\">Brummb\u00e4r hatte schon zu Beginn gesagt, dass er seine Haare auch abschneiden werde, wenn ich denn meine verlieren sollte. Ja, und er hat Wort gehalten. Verschmitzt streckte er mir seinen Barttrimmer entgegen, doch der tat es nicht und so haben wir uns ganz stilgerecht unserer Skalps mit dem Hundetrimmer entledigt.<\/p>\n\n\n\n<figure class=\"wp-block-image size-full is-resized\"><img loading=\"lazy\" decoding=\"async\" width=\"800\" height=\"800\" src=\"https:\/\/pywi.ch\/wp-content\/uploads\/2025\/04\/kap10.jpg\" alt=\"\" class=\"wp-image-250\" style=\"width:341px;height:auto\" srcset=\"https:\/\/pywi.ch\/wp-content\/uploads\/2025\/04\/kap10.jpg 800w, https:\/\/pywi.ch\/wp-content\/uploads\/2025\/04\/kap10-300x300.jpg 300w, https:\/\/pywi.ch\/wp-content\/uploads\/2025\/04\/kap10-150x150.jpg 150w, https:\/\/pywi.ch\/wp-content\/uploads\/2025\/04\/kap10-768x768.jpg 768w\" sizes=\"auto, (max-width: 800px) 100vw, 800px\" \/><\/figure>\n\n\n\n<p class=\"wp-block-paragraph\">Es ist wie ein neues Kennenlernen. Noch nie habe ich meinen Brummb\u00e4ren ohne seinen Schnauz gesehen. Er sich \u00fcbrigens auch nicht. Und das Fehlen seines Schopfes sieht gar nicht mal so schlecht aus. Vor allem, kommen seine vielen Lachf\u00e4ltchen supersch\u00f6n zur Geltung. Ich glaube, ich habe mich heute gleich noch einmal verliebt.<\/p>\n\n\n\n<p class=\"wp-block-paragraph\">Noch f\u00fchle ich bei mir kleine Stoppelchen und es ist ein lustiges Gef\u00fchl da dr\u00fcber zu streicheln. Aber ich denke in ein paar Tagen werde ich auch die los sein. Jetzt heisst es Turban bauen lernen. Genug T\u00fccher habe ich ja. Bin gespannt, was morgen meine Onkologin zu unserem Partnerlook sagt.<\/p>\n\n\n\n\n","protected":false},"excerpt":{"rendered":"<p>Ver\u00f6ffentlicht: Mittwoch, 20. August 2014 18:57 Nun ist es soweit. Heute morgen sind mir die Haare gleich b\u00fcschelweise ausgefallen. Komisches [&hellip;]<\/p>\n","protected":false},"author":2,"featured_media":0,"comment_status":"closed","ping_status":"open","sticky":false,"template":"","format":"standard","meta":{"site-sidebar-layout":"default","site-content-layout":"","ast-site-content-layout":"default","site-content-style":"default","site-sidebar-style":"default","ast-global-header-display":"","ast-banner-title-visibility":"","ast-main-header-display":"","ast-hfb-above-header-display":"","ast-hfb-below-header-display":"","ast-hfb-mobile-header-display":"","site-post-title":"","ast-breadcrumbs-content":"","ast-featured-img":"","footer-sml-layout":"","ast-disable-related-posts":"","theme-transparent-header-meta":"","adv-header-id-meta":"","stick-header-meta":"","header-above-stick-meta":"","header-main-stick-meta":"","header-below-stick-meta":"","astra-migrate-meta-layouts":"default","ast-page-background-enabled":"default","ast-page-background-meta":{"desktop":{"background-color":"var(--ast-global-color-5)","background-image":"","background-repeat":"repeat","background-position":"center center","background-size":"auto","background-attachment":"scroll","background-type":"","background-media":"","overlay-type":"","overlay-color":"","overlay-opacity":"","overlay-gradient":""},"tablet":{"background-color":"","background-image":"","background-repeat":"repeat","background-position":"center center","background-size":"auto","background-attachment":"scroll","background-type":"","background-media":"","overlay-type":"","overlay-color":"","overlay-opacity":"","overlay-gradient":""},"mobile":{"background-color":"","background-image":"","background-repeat":"repeat","background-position":"center center","background-size":"auto","background-attachment":"scroll","background-type":"","background-media":"","overlay-type":"","overlay-color":"","overlay-opacity":"","overlay-gradient":""}},"ast-content-background-meta":{"desktop":{"background-color":"var(--ast-global-color-4)","background-image":"","background-repeat":"repeat","background-position":"center center","background-size":"auto","background-attachment":"scroll","background-type":"","background-media":"","overlay-type":"","overlay-color":"","overlay-opacity":"","overlay-gradient":""},"tablet":{"background-color":"var(--ast-global-color-4)","background-image":"","background-repeat":"repeat","background-position":"center center","background-size":"auto","background-attachment":"scroll","background-type":"","background-media":"","overlay-type":"","overlay-color":"","overlay-opacity":"","overlay-gradient":""},"mobile":{"background-color":"var(--ast-global-color-4)","background-image":"","background-repeat":"repeat","background-position":"center center","background-size":"auto","background-attachment":"scroll","background-type":"","background-media":"","overlay-type":"","overlay-color":"","overlay-opacity":"","overlay-gradient":""}},"footnotes":""},"categories":[7],"tags":[],"class_list":["post-249","post","type-post","status-publish","format-standard","hentry","category-die-rosa-schleife"],"_links":{"self":[{"href":"https:\/\/pywi.ch\/index.php\/wp-json\/wp\/v2\/posts\/249","targetHints":{"allow":["GET"]}}],"collection":[{"href":"https:\/\/pywi.ch\/index.php\/wp-json\/wp\/v2\/posts"}],"about":[{"href":"https:\/\/pywi.ch\/index.php\/wp-json\/wp\/v2\/types\/post"}],"author":[{"embeddable":true,"href":"https:\/\/pywi.ch\/index.php\/wp-json\/wp\/v2\/users\/2"}],"replies":[{"embeddable":true,"href":"https:\/\/pywi.ch\/index.php\/wp-json\/wp\/v2\/comments?post=249"}],"version-history":[{"count":2,"href":"https:\/\/pywi.ch\/index.php\/wp-json\/wp\/v2\/posts\/249\/revisions"}],"predecessor-version":[{"id":339,"href":"https:\/\/pywi.ch\/index.php\/wp-json\/wp\/v2\/posts\/249\/revisions\/339"}],"wp:attachment":[{"href":"https:\/\/pywi.ch\/index.php\/wp-json\/wp\/v2\/media?parent=249"}],"wp:term":[{"taxonomy":"category","embeddable":true,"href":"https:\/\/pywi.ch\/index.php\/wp-json\/wp\/v2\/categories?post=249"},{"taxonomy":"post_tag","embeddable":true,"href":"https:\/\/pywi.ch\/index.php\/wp-json\/wp\/v2\/tags?post=249"}],"curies":[{"name":"wp","href":"https:\/\/api.w.org\/{rel}","templated":true}]}}