{"id":239,"date":"2025-04-24T16:11:03","date_gmt":"2025-04-24T16:11:03","guid":{"rendered":"https:\/\/pywi.ch\/?p=239"},"modified":"2025-04-24T20:23:22","modified_gmt":"2025-04-24T20:23:22","slug":"haarige-sache","status":"publish","type":"post","link":"https:\/\/pywi.ch\/index.php\/2025\/04\/24\/haarige-sache\/","title":{"rendered":"Haarige Sache"},"content":{"rendered":"\n<p class=\"wp-block-paragraph\">Ver\u00f6ffentlicht: Mittwoch, 06. August 2014 20:36<\/p>\n\n\n\n<p class=\"wp-block-paragraph\"><br>Heute war ich in Aarau um mir eine Per\u00fccke auszusuchen. Da mein Brummb\u00e4r arbeitete bin ich selber hingefahren und nat\u00fcrlich, wos kompliziert wurde, ist mein Handy-Navi ausgestiegen. Nun ich hatte ja noch den ausgedruckten Plan, den konnte ich dann zu Rate ziehen, und fand auch das angeschriebene Parkhaus. Mann h\u00e4tte ja direkt dahin fahren k\u00f6nnen, aber da ich mich nicht auskannte, ging ich lieber zu Fuss. Ich hatte unglaubliches Gl\u00fcck, dass ich die richtige Ecke des verschachtelten Parkhauses gew\u00e4hlt hatte und kam somit aus einer T\u00fcre ganz in der N\u00e4he meines Zieles, wie mir eine nette Passantin zeigte. Aber ich h\u00e4tte doch noch mal schnell nach hinten schauen sollen, wie das da aussah\u2026..<\/p>\n\n\n\n<p class=\"wp-block-paragraph\">Nunja, ich war in Vorfreude und betrat das Gesch\u00e4ft. Viele sch\u00f6ne Per\u00fccken, Turbane und M\u00fctzen waren ausgestellt. Man k\u00fcmmerte sich sofort um mich und wir besprachen zuerst die Farbe und L\u00e4nge. Nat\u00fcrlich h\u00e4tte ich gerne mal so eine tolle Langhaarper\u00fccke gehabt, aber ich entschied mich f\u00fcr eine Per\u00fccke, die so ziemlich meinen jetzigen Haaren entsprach. Zuerst war ich sehr skeptisch, das sah alles so gek\u00fcnstelt aus. Die nette Frau kl\u00e4rte mich aber auf, dass die Haare an meinen Kopf noch angepasst und geschnitten w\u00fcrden. Sie holte dann noch weitere Per\u00fccken und so konnte ich mich lange genug mit den Kunstlocken betrachten. Und ja, so langsam freundete ich mich damit an.<\/p>\n\n\n\n<p class=\"wp-block-paragraph\">Die Auswahl wahr echt sehr schwer, denn es sind alles tolle Per\u00fccken. Nicht zu vergleichen mit den Faschingsper\u00fccken, die ich zuhause habe. Aber die werden sicher auch noch so das eine oder andermal vielleicht.. <em>grinsel<\/em><br>Dann kaufte ich noch ein Sommerh\u00fctchen, mit Bindeband wo mir noch Stirnfransen dazu gemacht werden und ein einfaches farbiges Piratenm\u00fctzchen.<\/p>\n\n\n\n<figure class=\"wp-block-image size-full is-resized\"><img loading=\"lazy\" decoding=\"async\" width=\"300\" height=\"400\" src=\"https:\/\/pywi.ch\/wp-content\/uploads\/2025\/04\/kap6.jpg\" alt=\"\" class=\"wp-image-240\" style=\"width:257px;height:auto\" srcset=\"https:\/\/pywi.ch\/wp-content\/uploads\/2025\/04\/kap6.jpg 300w, https:\/\/pywi.ch\/wp-content\/uploads\/2025\/04\/kap6-225x300.jpg 225w\" sizes=\"auto, (max-width: 300px) 100vw, 300px\" \/><\/figure>\n\n\n\n<p class=\"wp-block-paragraph\"><br>Ja, und dann stand ich wieder auf der Strasse und freute mich an dem sch\u00f6nen Wetter, flanierte die Strasse zur\u00fcck und\u2026. \u00e4hm\u2026. ja\u2026. wo war sie denn nun die T\u00fcre zur Einstellhalle? Hmmm<br>Ich ging ins n\u00e4chste Gesch\u00e4ft und fragte. So einfach sei das nicht, denn der ganze Komplex habe \u00fcberall T\u00fcren f\u00fcrs Parkhaus, wo ich denn den Wagen abgestellt h\u00e4tte. Ich wusste nur noch, dass es kleiner Markt oder so hiess. Die Dame sagte, dann versuchen sie es doch gleich hier um die Ecke, da ist ein Lift.<br>Also ich hin, wobei ich beim Kommen ja zu Fuss hochging und diese Treppe sah jener nicht \u00e4hnlich. Aber ich wusste, dass ich im 2. UG war. Also fuhr ich im Lift hinunter und begann mein Auto zu suchen. Mann war das verwinkelt hier. Zum Gl\u00fcck ist mein Auto mit seinem Schwarz Gelb sehr markant und ich sah meist sehr schnell, dass mein Auto hier nicht war. Also ich die n\u00e4chste T\u00fcre und wieder hinauf an die Luft.<\/p>\n\n\n\n<p class=\"wp-block-paragraph\">Ja und dann stand ich da direkt vor einem Bastelgesch\u00e4ft.<\/p>\n\n\n\n<p class=\"wp-block-paragraph\">Schlimm, sehr schlimm, da konnte ich nicht widerstehen.<\/p>\n\n\n\n<p class=\"wp-block-paragraph\">Mit einer T\u00fcte in der Hand kam ich wieder heraus und ging das Ganze jetzt etwas methodischer an. Ich fand die Strasse des Gesch\u00e4ftes wieder und guckte in die Runde. Da entdeckte ich eine braune Fassade, die ich bein hinausgehen vom Parking gesehen hatte. Drehte mich um und sah etwas nach hinten versetzt die T\u00fcre, die ich beim ankommen benutzt hatte. Lachend und aufatmend ging ich da rein, die Treppen runter und da stand mein Auto und wartete brav. Hach was war ich froh. Und so genoss ich die Heimfahrt und wusste, dass ich meinem Brummb\u00e4r was zu erz\u00e4hlen hatte und dass jetzt dann doch mal ein richtiges Navi angeschafft werden sollte.<\/p>\n\n\n\n\n","protected":false},"excerpt":{"rendered":"<p>Ver\u00f6ffentlicht: Mittwoch, 06. August 2014 20:36 Heute war ich in Aarau um mir eine Per\u00fccke auszusuchen. Da mein Brummb\u00e4r arbeitete [&hellip;]<\/p>\n","protected":false},"author":2,"featured_media":0,"comment_status":"closed","ping_status":"open","sticky":false,"template":"","format":"standard","meta":{"site-sidebar-layout":"default","site-content-layout":"","ast-site-content-layout":"default","site-content-style":"default","site-sidebar-style":"default","ast-global-header-display":"","ast-banner-title-visibility":"","ast-main-header-display":"","ast-hfb-above-header-display":"","ast-hfb-below-header-display":"","ast-hfb-mobile-header-display":"","site-post-title":"","ast-breadcrumbs-content":"","ast-featured-img":"","footer-sml-layout":"","ast-disable-related-posts":"","theme-transparent-header-meta":"","adv-header-id-meta":"","stick-header-meta":"","header-above-stick-meta":"","header-main-stick-meta":"","header-below-stick-meta":"","astra-migrate-meta-layouts":"default","ast-page-background-enabled":"default","ast-page-background-meta":{"desktop":{"background-color":"var(--ast-global-color-5)","background-image":"","background-repeat":"repeat","background-position":"center center","background-size":"auto","background-attachment":"scroll","background-type":"","background-media":"","overlay-type":"","overlay-color":"","overlay-opacity":"","overlay-gradient":""},"tablet":{"background-color":"","background-image":"","background-repeat":"repeat","background-position":"center center","background-size":"auto","background-attachment":"scroll","background-type":"","background-media":"","overlay-type":"","overlay-color":"","overlay-opacity":"","overlay-gradient":""},"mobile":{"background-color":"","background-image":"","background-repeat":"repeat","background-position":"center center","background-size":"auto","background-attachment":"scroll","background-type":"","background-media":"","overlay-type":"","overlay-color":"","overlay-opacity":"","overlay-gradient":""}},"ast-content-background-meta":{"desktop":{"background-color":"var(--ast-global-color-4)","background-image":"","background-repeat":"repeat","background-position":"center center","background-size":"auto","background-attachment":"scroll","background-type":"","background-media":"","overlay-type":"","overlay-color":"","overlay-opacity":"","overlay-gradient":""},"tablet":{"background-color":"var(--ast-global-color-4)","background-image":"","background-repeat":"repeat","background-position":"center center","background-size":"auto","background-attachment":"scroll","background-type":"","background-media":"","overlay-type":"","overlay-color":"","overlay-opacity":"","overlay-gradient":""},"mobile":{"background-color":"var(--ast-global-color-4)","background-image":"","background-repeat":"repeat","background-position":"center center","background-size":"auto","background-attachment":"scroll","background-type":"","background-media":"","overlay-type":"","overlay-color":"","overlay-opacity":"","overlay-gradient":""}},"footnotes":""},"categories":[7],"tags":[],"class_list":["post-239","post","type-post","status-publish","format-standard","hentry","category-die-rosa-schleife"],"_links":{"self":[{"href":"https:\/\/pywi.ch\/index.php\/wp-json\/wp\/v2\/posts\/239","targetHints":{"allow":["GET"]}}],"collection":[{"href":"https:\/\/pywi.ch\/index.php\/wp-json\/wp\/v2\/posts"}],"about":[{"href":"https:\/\/pywi.ch\/index.php\/wp-json\/wp\/v2\/types\/post"}],"author":[{"embeddable":true,"href":"https:\/\/pywi.ch\/index.php\/wp-json\/wp\/v2\/users\/2"}],"replies":[{"embeddable":true,"href":"https:\/\/pywi.ch\/index.php\/wp-json\/wp\/v2\/comments?post=239"}],"version-history":[{"count":2,"href":"https:\/\/pywi.ch\/index.php\/wp-json\/wp\/v2\/posts\/239\/revisions"}],"predecessor-version":[{"id":336,"href":"https:\/\/pywi.ch\/index.php\/wp-json\/wp\/v2\/posts\/239\/revisions\/336"}],"wp:attachment":[{"href":"https:\/\/pywi.ch\/index.php\/wp-json\/wp\/v2\/media?parent=239"}],"wp:term":[{"taxonomy":"category","embeddable":true,"href":"https:\/\/pywi.ch\/index.php\/wp-json\/wp\/v2\/categories?post=239"},{"taxonomy":"post_tag","embeddable":true,"href":"https:\/\/pywi.ch\/index.php\/wp-json\/wp\/v2\/tags?post=239"}],"curies":[{"name":"wp","href":"https:\/\/api.w.org\/{rel}","templated":true}]}}