{"id":234,"date":"2025-04-24T16:01:43","date_gmt":"2025-04-24T16:01:43","guid":{"rendered":"https:\/\/pywi.ch\/?p=234"},"modified":"2025-04-24T20:22:05","modified_gmt":"2025-04-24T20:22:05","slug":"kleine-verschnaufpause","status":"publish","type":"post","link":"https:\/\/pywi.ch\/index.php\/2025\/04\/24\/kleine-verschnaufpause\/","title":{"rendered":"Kleine Verschnaufpause"},"content":{"rendered":"\n<p class=\"wp-block-paragraph\">Ver\u00f6ffentlicht: Sonntag, 03. August 2014 20:28<\/p>\n\n\n\n<p class=\"wp-block-paragraph\"><br>Nachdem ich die Besprechung mit dem Chirurgen hatte, war erst mal Schluss mit \u00c4rztemarathon. Das Wetter draussen spielte verr\u00fcckt zwischen Sommerwarm und Gewitterkalt. Dementsprechend reagierte meine Fibro mit Gelenkschmerzen, Atemnot und Beinschmerzen. Auch mein Reflux, der vermutlich wegen einem schlecht schliessenden Magen kaum zu b\u00e4ndigen ist, stiess mir im wahrsten Sinne des Wortes sauer auf.<br>Das gab mir nat\u00fcrlich schwer zu denken. Wenn ich jetzt schon mit so vielen Beschwerden zu k\u00e4mpfen habe, wie wird das mit der Chemo sein? Da sollen ja genau diese Nebenwirkungen auftreten. Also Chemo plus Fibro hoch zwei.<br>Aus\u2026. Kusch\u2026. ich versuche meine Gedanken in eine andere Bahn zu lenken. Gar nicht so einfach, wenn man seinen K\u00f6rper am liebsten ausziehen und in eine Ecke stellen w\u00fcrde.<\/p>\n\n\n\n<figure class=\"wp-block-image size-full is-resized\"><img loading=\"lazy\" decoding=\"async\" width=\"1024\" height=\"1024\" src=\"https:\/\/pywi.ch\/wp-content\/uploads\/2025\/04\/kap4.jpg\" alt=\"\" class=\"wp-image-235\" style=\"width:318px;height:auto\" srcset=\"https:\/\/pywi.ch\/wp-content\/uploads\/2025\/04\/kap4.jpg 1024w, https:\/\/pywi.ch\/wp-content\/uploads\/2025\/04\/kap4-300x300.jpg 300w, https:\/\/pywi.ch\/wp-content\/uploads\/2025\/04\/kap4-150x150.jpg 150w, https:\/\/pywi.ch\/wp-content\/uploads\/2025\/04\/kap4-768x768.jpg 768w\" sizes=\"auto, (max-width: 1024px) 100vw, 1024px\" \/><\/figure>\n\n\n\n<p class=\"wp-block-paragraph\">In der Brustkrebs &#8211; Selbsthilfegruppe kam die Frage auf, ob M\u00fccken wohl \u00fcberleben, wenn sie Chemo verseuchtes Blut saugen. Anscheinend sind auch hier die Erfahrungen verschieden. Die einen sind trotzdem total verstochen und eine hat sogar zugesehen, w\u00e4hrend sie am Tropf hing, wie eine M\u00fccke sie gestochen, kurz weggeflogen und dann in Kamikazemanier abgest\u00fcrzt ist.<br>Nun solche Probleme habe ich zum Gl\u00fcck nicht, da mein Brummb\u00e4r mein bester M\u00fcckenschutz ist. Solange er in der N\u00e4he ist, zieht er alle M\u00fccken an und ich kann seelig schlummern trotz Gesumse um die Ohren.<\/p>\n\n\n\n<p class=\"wp-block-paragraph\">Wenn allerdings diese Mistdinger Fett saugen w\u00fcrden, dann w\u00e4r die Sache ganz anders. Man stelle sich vor, wie dann die M\u00fccken-Spa-Farmen aus dem Boden schiessen w\u00fcrden und man sich dann in gem\u00fctlicher Runde ein bisschen durchstechen lassen k\u00f6nnte.<br>Es m\u00fcsste dann spezielle Kleidung getragen werden, damit die M\u00fccken auch an den richtigen Stellen ansetzen w\u00fcrden.<br>Ich glaube, die Wissenschaft sollte mal in dieser Richtung forschen, statt immer neue unvertr\u00e4gliche Lebensmittel oder Genmanipulierte Ware auf den Markt zu bringen. Hier w\u00e4re doch mal eine M\u00f6glichkeit, etwas vern\u00fcnftiges zu versuchen. Vielleicht h\u00e4tten dann auch die Tiere, die von M\u00fccken leben eine gr\u00f6ssere \u00dcberlebenschance im Winter. Denn dank der Fettschicht die sie sich anfressen k\u00f6nnten w\u00fcrden sie nicht mehr frieren.<br>Wenn man diesen Gedankengang weiter spinnen w\u00fcrde, so k\u00f6nnte man noch so einiges in der Natur \u00e4ndern. Zum Beispiel die Ohren der Menschen unter den Armen wachsen lassen, dann k\u00f6nnte man die im Winter sch\u00f6n w\u00e4rmen\u2026..<br>Oder die Blasenentleerung \u00fcber den Zeigefinger regeln, dann k\u00f6nnte man beim Autofahren einfach den Finger zum Fenster raus\u2026..<br>Nein, ich glaube, das geht jetzt zu weit. Ich spinnitisiere lieber ein ander mal wieder.<\/p>\n\n\n\n\n","protected":false},"excerpt":{"rendered":"<p>Ver\u00f6ffentlicht: Sonntag, 03. August 2014 20:28 Nachdem ich die Besprechung mit dem Chirurgen hatte, war erst mal Schluss mit \u00c4rztemarathon. [&hellip;]<\/p>\n","protected":false},"author":2,"featured_media":0,"comment_status":"closed","ping_status":"open","sticky":false,"template":"","format":"standard","meta":{"site-sidebar-layout":"default","site-content-layout":"","ast-site-content-layout":"default","site-content-style":"default","site-sidebar-style":"default","ast-global-header-display":"","ast-banner-title-visibility":"","ast-main-header-display":"","ast-hfb-above-header-display":"","ast-hfb-below-header-display":"","ast-hfb-mobile-header-display":"","site-post-title":"","ast-breadcrumbs-content":"","ast-featured-img":"","footer-sml-layout":"","ast-disable-related-posts":"","theme-transparent-header-meta":"","adv-header-id-meta":"","stick-header-meta":"","header-above-stick-meta":"","header-main-stick-meta":"","header-below-stick-meta":"","astra-migrate-meta-layouts":"default","ast-page-background-enabled":"default","ast-page-background-meta":{"desktop":{"background-color":"var(--ast-global-color-5)","background-image":"","background-repeat":"repeat","background-position":"center center","background-size":"auto","background-attachment":"scroll","background-type":"","background-media":"","overlay-type":"","overlay-color":"","overlay-opacity":"","overlay-gradient":""},"tablet":{"background-color":"","background-image":"","background-repeat":"repeat","background-position":"center center","background-size":"auto","background-attachment":"scroll","background-type":"","background-media":"","overlay-type":"","overlay-color":"","overlay-opacity":"","overlay-gradient":""},"mobile":{"background-color":"","background-image":"","background-repeat":"repeat","background-position":"center center","background-size":"auto","background-attachment":"scroll","background-type":"","background-media":"","overlay-type":"","overlay-color":"","overlay-opacity":"","overlay-gradient":""}},"ast-content-background-meta":{"desktop":{"background-color":"var(--ast-global-color-4)","background-image":"","background-repeat":"repeat","background-position":"center center","background-size":"auto","background-attachment":"scroll","background-type":"","background-media":"","overlay-type":"","overlay-color":"","overlay-opacity":"","overlay-gradient":""},"tablet":{"background-color":"var(--ast-global-color-4)","background-image":"","background-repeat":"repeat","background-position":"center center","background-size":"auto","background-attachment":"scroll","background-type":"","background-media":"","overlay-type":"","overlay-color":"","overlay-opacity":"","overlay-gradient":""},"mobile":{"background-color":"var(--ast-global-color-4)","background-image":"","background-repeat":"repeat","background-position":"center center","background-size":"auto","background-attachment":"scroll","background-type":"","background-media":"","overlay-type":"","overlay-color":"","overlay-opacity":"","overlay-gradient":""}},"footnotes":""},"categories":[7],"tags":[],"class_list":["post-234","post","type-post","status-publish","format-standard","hentry","category-die-rosa-schleife"],"_links":{"self":[{"href":"https:\/\/pywi.ch\/index.php\/wp-json\/wp\/v2\/posts\/234","targetHints":{"allow":["GET"]}}],"collection":[{"href":"https:\/\/pywi.ch\/index.php\/wp-json\/wp\/v2\/posts"}],"about":[{"href":"https:\/\/pywi.ch\/index.php\/wp-json\/wp\/v2\/types\/post"}],"author":[{"embeddable":true,"href":"https:\/\/pywi.ch\/index.php\/wp-json\/wp\/v2\/users\/2"}],"replies":[{"embeddable":true,"href":"https:\/\/pywi.ch\/index.php\/wp-json\/wp\/v2\/comments?post=234"}],"version-history":[{"count":2,"href":"https:\/\/pywi.ch\/index.php\/wp-json\/wp\/v2\/posts\/234\/revisions"}],"predecessor-version":[{"id":334,"href":"https:\/\/pywi.ch\/index.php\/wp-json\/wp\/v2\/posts\/234\/revisions\/334"}],"wp:attachment":[{"href":"https:\/\/pywi.ch\/index.php\/wp-json\/wp\/v2\/media?parent=234"}],"wp:term":[{"taxonomy":"category","embeddable":true,"href":"https:\/\/pywi.ch\/index.php\/wp-json\/wp\/v2\/categories?post=234"},{"taxonomy":"post_tag","embeddable":true,"href":"https:\/\/pywi.ch\/index.php\/wp-json\/wp\/v2\/tags?post=234"}],"curies":[{"name":"wp","href":"https:\/\/api.w.org\/{rel}","templated":true}]}}