{"id":228,"date":"2025-04-24T15:55:55","date_gmt":"2025-04-24T15:55:55","guid":{"rendered":"https:\/\/pywi.ch\/?p=228"},"modified":"2025-04-24T20:21:27","modified_gmt":"2025-04-24T20:21:27","slug":"erotische-nutzflaechen","status":"publish","type":"post","link":"https:\/\/pywi.ch\/index.php\/2025\/04\/24\/erotische-nutzflaechen\/","title":{"rendered":"Erotische Nutzfl\u00e4chen"},"content":{"rendered":"\n<p class=\"wp-block-paragraph\">Ver\u00f6ffentlicht: Donnerstag, 31. Juli 2014 17:37<\/p>\n\n\n\n<p class=\"wp-block-paragraph\"><br>Heute Morgen nach dem Duschen habe ich mich nachdenklich im Spiegel betrachtet. Meine Pumukelroten Haare lagen lustig ringelnd um meinen Kopf und ich begegnete meinen kritischen Augen, die langsam nach unten wanderten und meine nun schielenden Br\u00fcste studierte. Nunja so ein Tumor hat doch etwas Gewicht und da er jetzt nicht mehr da ist, habe ich an einer Brust ein leichtes Lifting bekommen.<br>Aaaaber meine Hupen sind noch beide da und werden es hoffentlich auch bleiben. Wie auch die anderen Rundungen, die dank ein paar Jahren Cortison, ein paar Jahre Schokolade-Trostpflaster gegen Schmerzen, doch ein bisschen zu massig ausfallen. Erotische Nutzfl\u00e4chen nennt sie mein Brummb\u00e4r, der mir glaubhaft versichert, dass er jedes Gramm davon liebt. Und mir wurde heute im Spital gesagt, dass es nicht gut w\u00e4re, wenn ich jetzt zu viel abnehmen w\u00fcrde. Das ist doch mal ein Wort oder?<\/p>\n\n\n\n<p class=\"wp-block-paragraph\">Ich binde mir das Duschtuch stramm um den Kopf und versuche mir vorzustellen, wie ich wohl ohne Haare aussehen werde. Nun, sch\u00f6n ist etwas anderes. Sch\u00f6n sieht Cherry aus, die trotz Chemofrisur sagenhaft gut aussieht. So eine Sch\u00f6nheit und doch haben wir beide das gleiche Schicksal. Ich bin, ja was soll ich sagen, ich bin Durchschnitt. Nicht h\u00e4sslich, aber auch nicht sch\u00f6n. Ich lerne gerade mich zu m\u00f6gen.<\/p>\n\n\n\n<p class=\"wp-block-paragraph\">Die Besprechung wegen dem einsetzen des Ports heute beim Chirurgen war sehr informativ, hat mir aber auch etwas Angst gemacht. F\u00fcr nicht eingeweihte: Ein Port wird gesetzt, damit die Venen geschont werden w\u00e4hrend der Chemotherapie. Unten habe ich ein Bild davon, welches ich von netdoktor.de ausgeliehen habe.<\/p>\n\n\n\n<figure class=\"wp-block-image aligncenter size-full\"><img loading=\"lazy\" decoding=\"async\" width=\"470\" height=\"265\" src=\"https:\/\/pywi.ch\/wp-content\/uploads\/2025\/04\/kap3-2.jpg\" alt=\"\" class=\"wp-image-229\" srcset=\"https:\/\/pywi.ch\/wp-content\/uploads\/2025\/04\/kap3-2.jpg 470w, https:\/\/pywi.ch\/wp-content\/uploads\/2025\/04\/kap3-2-300x169.jpg 300w\" sizes=\"auto, (max-width: 470px) 100vw, 470px\" \/><\/figure>\n\n\n\n<p class=\"wp-block-paragraph\">Wie man sieht ist das nicht gerade ein kleines Teil was mir da n\u00e4chste Woche eingepflanzt werden soll. Aber es wird ambulant gemacht und wenn alles ohne Komplikationen funktioniert bekomme ich anschliessend gleich die erste Chemo. Etwas unruhig bin ich halt doch noch wegen dem Befund vom CT, welches \u00fcbrigens absolut problemlos verlief. Hatte das Kopfkino also doch unrecht.<\/p>\n\n\n\n<p class=\"wp-block-paragraph\">Also die Bilder haben gezeigt, dass mein K\u00f6rper frei von Metastasen ist, bis, ja bis auf ein suspektes Teil unter meinem linken Brustmuskel. Eventuell noch ein befallener Lymphknoten. M\u00f6glicherweise muss das noch einmal punktiert werden. Warten wir mal ab, was da die Onkologin und die Gyn\u00e4kologin dazu sagen. Aber, heute ist mir zum ersten Mal kurz der &#8222;Arsch auf Grundeis&#8220; gegangen.<\/p>\n\n\n\n<p class=\"wp-block-paragraph\">Diese Krankheit zwingt mich, Dinge \u00fcber mich ergehen zu lassen die schmerzhaft und sehr unangenehm sind. Als ob ich nicht schon genug an meiner Fibromyalgie zu knappern h\u00e4tte. Etwa so lange wie ich brauchte um diesen Text zu schreiben, hielt diese Angst an. Jetzt bin ich schon wieder dar\u00fcber hinweg und habe es einfach akzeptiert. Jetzt erst recht und auf keinen Fall aufgeben!<\/p>\n\n\n\n<p class=\"wp-block-paragraph\">Mein Bild, das ich vor Jahren einmal gemalt habe, hat heute seine Berechtigung in meinem Leben erhalten:<br><\/p>\n\n\n\n<figure class=\"wp-block-image aligncenter size-full is-resized\"><img loading=\"lazy\" decoding=\"async\" width=\"450\" height=\"634\" src=\"https:\/\/pywi.ch\/wp-content\/uploads\/2025\/04\/kap3-3.jpg\" alt=\"\" class=\"wp-image-230\" style=\"width:317px;height:auto\" srcset=\"https:\/\/pywi.ch\/wp-content\/uploads\/2025\/04\/kap3-3.jpg 450w, https:\/\/pywi.ch\/wp-content\/uploads\/2025\/04\/kap3-3-213x300.jpg 213w\" sizes=\"auto, (max-width: 450px) 100vw, 450px\" \/><\/figure>\n\n\n\n\n","protected":false},"excerpt":{"rendered":"<p>Ver\u00f6ffentlicht: Donnerstag, 31. Juli 2014 17:37 Heute Morgen nach dem Duschen habe ich mich nachdenklich im Spiegel betrachtet. Meine Pumukelroten [&hellip;]<\/p>\n","protected":false},"author":2,"featured_media":0,"comment_status":"closed","ping_status":"open","sticky":false,"template":"","format":"standard","meta":{"site-sidebar-layout":"default","site-content-layout":"","ast-site-content-layout":"default","site-content-style":"default","site-sidebar-style":"default","ast-global-header-display":"","ast-banner-title-visibility":"","ast-main-header-display":"","ast-hfb-above-header-display":"","ast-hfb-below-header-display":"","ast-hfb-mobile-header-display":"","site-post-title":"","ast-breadcrumbs-content":"","ast-featured-img":"","footer-sml-layout":"","ast-disable-related-posts":"","theme-transparent-header-meta":"","adv-header-id-meta":"","stick-header-meta":"","header-above-stick-meta":"","header-main-stick-meta":"","header-below-stick-meta":"","astra-migrate-meta-layouts":"default","ast-page-background-enabled":"default","ast-page-background-meta":{"desktop":{"background-color":"var(--ast-global-color-5)","background-image":"","background-repeat":"repeat","background-position":"center center","background-size":"auto","background-attachment":"scroll","background-type":"","background-media":"","overlay-type":"","overlay-color":"","overlay-opacity":"","overlay-gradient":""},"tablet":{"background-color":"","background-image":"","background-repeat":"repeat","background-position":"center center","background-size":"auto","background-attachment":"scroll","background-type":"","background-media":"","overlay-type":"","overlay-color":"","overlay-opacity":"","overlay-gradient":""},"mobile":{"background-color":"","background-image":"","background-repeat":"repeat","background-position":"center center","background-size":"auto","background-attachment":"scroll","background-type":"","background-media":"","overlay-type":"","overlay-color":"","overlay-opacity":"","overlay-gradient":""}},"ast-content-background-meta":{"desktop":{"background-color":"var(--ast-global-color-4)","background-image":"","background-repeat":"repeat","background-position":"center center","background-size":"auto","background-attachment":"scroll","background-type":"","background-media":"","overlay-type":"","overlay-color":"","overlay-opacity":"","overlay-gradient":""},"tablet":{"background-color":"var(--ast-global-color-4)","background-image":"","background-repeat":"repeat","background-position":"center center","background-size":"auto","background-attachment":"scroll","background-type":"","background-media":"","overlay-type":"","overlay-color":"","overlay-opacity":"","overlay-gradient":""},"mobile":{"background-color":"var(--ast-global-color-4)","background-image":"","background-repeat":"repeat","background-position":"center center","background-size":"auto","background-attachment":"scroll","background-type":"","background-media":"","overlay-type":"","overlay-color":"","overlay-opacity":"","overlay-gradient":""}},"footnotes":""},"categories":[7],"tags":[],"class_list":["post-228","post","type-post","status-publish","format-standard","hentry","category-die-rosa-schleife"],"_links":{"self":[{"href":"https:\/\/pywi.ch\/index.php\/wp-json\/wp\/v2\/posts\/228","targetHints":{"allow":["GET"]}}],"collection":[{"href":"https:\/\/pywi.ch\/index.php\/wp-json\/wp\/v2\/posts"}],"about":[{"href":"https:\/\/pywi.ch\/index.php\/wp-json\/wp\/v2\/types\/post"}],"author":[{"embeddable":true,"href":"https:\/\/pywi.ch\/index.php\/wp-json\/wp\/v2\/users\/2"}],"replies":[{"embeddable":true,"href":"https:\/\/pywi.ch\/index.php\/wp-json\/wp\/v2\/comments?post=228"}],"version-history":[{"count":2,"href":"https:\/\/pywi.ch\/index.php\/wp-json\/wp\/v2\/posts\/228\/revisions"}],"predecessor-version":[{"id":333,"href":"https:\/\/pywi.ch\/index.php\/wp-json\/wp\/v2\/posts\/228\/revisions\/333"}],"wp:attachment":[{"href":"https:\/\/pywi.ch\/index.php\/wp-json\/wp\/v2\/media?parent=228"}],"wp:term":[{"taxonomy":"category","embeddable":true,"href":"https:\/\/pywi.ch\/index.php\/wp-json\/wp\/v2\/categories?post=228"},{"taxonomy":"post_tag","embeddable":true,"href":"https:\/\/pywi.ch\/index.php\/wp-json\/wp\/v2\/tags?post=228"}],"curies":[{"name":"wp","href":"https:\/\/api.w.org\/{rel}","templated":true}]}}